{"id":47385,"date":"2023-07-16T21:33:12","date_gmt":"2023-07-16T19:33:12","guid":{"rendered":"https:\/\/blog.planet-ari-um.de\/?p=47385"},"modified":"2023-12-29T19:53:09","modified_gmt":"2023-12-29T18:53:09","slug":"irgendwas-mit-bartolome","status":"publish","type":"post","link":"https:\/\/blog.planet-ari-um.de\/?p=47385","title":{"rendered":"Irgendwas mit Bartolom\u00e9"},"content":{"rendered":"<p>Eiiigentlich hatten wir f\u00fcr heute \u00fcberlegt, uns den Botanischen Garten anzusehen und es uns dann ein wenig lesender Weise dort bequem zu machen.<\/p>\n<p>Da es heute morgen aber 1. bew\u00f6lkt und 2. \u00a0auch arg windig war, haben wir uns beim Fr\u00fchst\u00fcck umentschieden, weil das bestes Wanderwetter ist.<\/p>\n<p>Auf dem Weg zum Startpunkt regnete es erst auch ein wenig, als wir aber ankamen, war kein W\u00f6lkchen mehr am Himmel&#8230;<\/p>\n<p>Die Luft war aber zum Gl\u00fcck nicht so hei\u00df und der Wind war immer noch da!<\/p>\n<p>Die Strecke war recht einfach zu gehen und hatte unterwegs wunderbare Ausblicke zu bieten.<\/p>\n<p><a href=\"https:\/\/blog.planet-ari-um.de\/wp-content\/uploads\/2023\/07\/sanbart1.jpg\"><img loading=\"lazy\" decoding=\"async\" class=\"aligncenter wp-image-47434\" src=\"https:\/\/blog.planet-ari-um.de\/wp-content\/uploads\/2023\/07\/sanbart1.jpg\" alt=\"\" width=\"417\" height=\"278\" srcset=\"https:\/\/blog.planet-ari-um.de\/wp-content\/uploads\/2023\/07\/sanbart1.jpg 711w, https:\/\/blog.planet-ari-um.de\/wp-content\/uploads\/2023\/07\/sanbart1-300x200.jpg 300w\" sizes=\"auto, (max-width: 417px) 100vw, 417px\" \/><\/a> <a href=\"https:\/\/blog.planet-ari-um.de\/wp-content\/uploads\/2023\/07\/sanbart2.jpg\"><img loading=\"lazy\" decoding=\"async\" class=\"aligncenter wp-image-47435\" src=\"https:\/\/blog.planet-ari-um.de\/wp-content\/uploads\/2023\/07\/sanbart2.jpg\" alt=\"\" width=\"421\" height=\"280\" srcset=\"https:\/\/blog.planet-ari-um.de\/wp-content\/uploads\/2023\/07\/sanbart2.jpg 711w, https:\/\/blog.planet-ari-um.de\/wp-content\/uploads\/2023\/07\/sanbart2-300x200.jpg 300w\" sizes=\"auto, (max-width: 421px) 100vw, 421px\" \/><\/a><\/p>\n<p>Trotzdem oder eigentlich gerade deshalb haben wir mal wieder etwas l\u00e4nger gebraucht.<\/p>\n<p>Aber gleich geht es frisch zum essen.<\/p>\n","protected":false},"excerpt":{"rendered":"<p>Eiiigentlich hatten wir f\u00fcr heute \u00fcberlegt, uns den Botanischen Garten anzusehen und es uns dann ein wenig lesender Weise dort bequem zu machen. Da es heute morgen aber 1. bew\u00f6lkt&hellip; <\/p>\n","protected":false},"author":2,"featured_media":0,"comment_status":"open","ping_status":"open","sticky":false,"template":"","format":"standard","meta":{"footnotes":""},"categories":[18,12,13],"tags":[90],"class_list":["post-47385","post","type-post","status-publish","format-standard","hentry","category-fotografie","category-urlaub","category-wandern","tag-gran-canaria"],"_links":{"self":[{"href":"https:\/\/blog.planet-ari-um.de\/index.php?rest_route=\/wp\/v2\/posts\/47385","targetHints":{"allow":["GET"]}}],"collection":[{"href":"https:\/\/blog.planet-ari-um.de\/index.php?rest_route=\/wp\/v2\/posts"}],"about":[{"href":"https:\/\/blog.planet-ari-um.de\/index.php?rest_route=\/wp\/v2\/types\/post"}],"author":[{"embeddable":true,"href":"https:\/\/blog.planet-ari-um.de\/index.php?rest_route=\/wp\/v2\/users\/2"}],"replies":[{"embeddable":true,"href":"https:\/\/blog.planet-ari-um.de\/index.php?rest_route=%2Fwp%2Fv2%2Fcomments&post=47385"}],"version-history":[{"count":5,"href":"https:\/\/blog.planet-ari-um.de\/index.php?rest_route=\/wp\/v2\/posts\/47385\/revisions"}],"predecessor-version":[{"id":47667,"href":"https:\/\/blog.planet-ari-um.de\/index.php?rest_route=\/wp\/v2\/posts\/47385\/revisions\/47667"}],"wp:attachment":[{"href":"https:\/\/blog.planet-ari-um.de\/index.php?rest_route=%2Fwp%2Fv2%2Fmedia&parent=47385"}],"wp:term":[{"taxonomy":"category","embeddable":true,"href":"https:\/\/blog.planet-ari-um.de\/index.php?rest_route=%2Fwp%2Fv2%2Fcategories&post=47385"},{"taxonomy":"post_tag","embeddable":true,"href":"https:\/\/blog.planet-ari-um.de\/index.php?rest_route=%2Fwp%2Fv2%2Ftags&post=47385"}],"curies":[{"name":"wp","href":"https:\/\/api.w.org\/{rel}","templated":true}]}}