{"id":47379,"date":"2023-07-14T21:07:44","date_gmt":"2023-07-14T19:07:44","guid":{"rendered":"https:\/\/blog.planet-ari-um.de\/?p=47379"},"modified":"2025-05-23T17:49:54","modified_gmt":"2025-05-23T15:49:54","slug":"strand-2","status":"publish","type":"post","link":"https:\/\/blog.planet-ari-um.de\/?p=47379","title":{"rendered":"Strand"},"content":{"rendered":"<p>Eiiigentlich wollten wir heute fr\u00fcher raus als sonst damit wir fr\u00fch zum Meer kommen &#8211; immerhin latschen wir eine Stunde bis dahin &#8211; um noch einen Platz im Schatten zu bekommen.<\/p>\n<p>Wir haben es dann aber doch gem\u00fctlich angehen lassen.<\/p>\n<p>Sonst hatte uns die Dame wo wir fr\u00fchst\u00fccken immer schon Orangensaft, Tee und Kaffee hingestellt. Heute gab es einen frischen Multivitaminmix. Maaaan, im Grunde war das noch mal eine Mahlzeit.<\/p>\n<p>Nach den Fr\u00fchst\u00fcck war ich diesmal sooo was von voll. Ich konnte mich kaum noch r\u00fchren.<\/p>\n<p>Trotzdem waren wir so fr\u00fch am Meer, dass wir noch Schatten an der Promenadenmauer hatten.<\/p>\n<p>Zweimal war ich im Wasser. Das zweite Mal war der Sand schon so hei\u00df, dass mir trotz laufen &#8211; ja, ich bin gelaufen &#8211; die Sohlen qualmten.<\/p>\n<p>Zwischendurch war es sogar bew\u00f6lkt, dass man es gut aushalten konnte.<\/p>\n<p>Als die Sonne den Schatten vertrieben hatte, haben wir uns ein Fleckchen gesucht, um eine Kleinigkeit zu essen.<\/p>\n<p>W\u00e4ren wir etwas schneller beim Essen gewesen, h\u00e4tten wir noch ein Schattenpl\u00e4tzchen unter einer Palme ergattert&#8230;<\/p>\n<p>Auf dem R\u00fcckweg wollten wir unbedingt noch einen gro\u00dfen tollen Brunnen aufsuchen. Anscheinend war auch der irgendwie in Reparatur, denn das Wasser hat nur unten gesprudelt&#8230;<\/p>\n","protected":false},"excerpt":{"rendered":"<p>Eiiigentlich wollten wir heute fr\u00fcher raus als sonst damit wir fr\u00fch zum Meer kommen &#8211; immerhin latschen wir eine Stunde bis dahin &#8211; um noch einen Platz im Schatten zu&hellip; <\/p>\n","protected":false},"author":2,"featured_media":0,"comment_status":"open","ping_status":"open","sticky":false,"template":"","format":"standard","meta":{"footnotes":""},"categories":[12],"tags":[90],"class_list":["post-47379","post","type-post","status-publish","format-standard","hentry","category-urlaub","tag-gran-canaria"],"_links":{"self":[{"href":"https:\/\/blog.planet-ari-um.de\/index.php?rest_route=\/wp\/v2\/posts\/47379","targetHints":{"allow":["GET"]}}],"collection":[{"href":"https:\/\/blog.planet-ari-um.de\/index.php?rest_route=\/wp\/v2\/posts"}],"about":[{"href":"https:\/\/blog.planet-ari-um.de\/index.php?rest_route=\/wp\/v2\/types\/post"}],"author":[{"embeddable":true,"href":"https:\/\/blog.planet-ari-um.de\/index.php?rest_route=\/wp\/v2\/users\/2"}],"replies":[{"embeddable":true,"href":"https:\/\/blog.planet-ari-um.de\/index.php?rest_route=%2Fwp%2Fv2%2Fcomments&post=47379"}],"version-history":[{"count":5,"href":"https:\/\/blog.planet-ari-um.de\/index.php?rest_route=\/wp\/v2\/posts\/47379\/revisions"}],"predecessor-version":[{"id":48032,"href":"https:\/\/blog.planet-ari-um.de\/index.php?rest_route=\/wp\/v2\/posts\/47379\/revisions\/48032"}],"wp:attachment":[{"href":"https:\/\/blog.planet-ari-um.de\/index.php?rest_route=%2Fwp%2Fv2%2Fmedia&parent=47379"}],"wp:term":[{"taxonomy":"category","embeddable":true,"href":"https:\/\/blog.planet-ari-um.de\/index.php?rest_route=%2Fwp%2Fv2%2Fcategories&post=47379"},{"taxonomy":"post_tag","embeddable":true,"href":"https:\/\/blog.planet-ari-um.de\/index.php?rest_route=%2Fwp%2Fv2%2Ftags&post=47379"}],"curies":[{"name":"wp","href":"https:\/\/api.w.org\/{rel}","templated":true}]}}