{"id":47372,"date":"2023-07-12T23:50:23","date_gmt":"2023-07-12T21:50:23","guid":{"rendered":"https:\/\/blog.planet-ari-um.de\/?p=47372"},"modified":"2025-05-23T17:55:46","modified_gmt":"2025-05-23T15:55:46","slug":"irgendwo-in-den-waeldern","status":"publish","type":"post","link":"https:\/\/blog.planet-ari-um.de\/?p=47372","title":{"rendered":"Irgendwo in den W\u00e4ldern"},"content":{"rendered":"<p>Da es ja heute gut hei\u00df werden sollte, haben wir uns den Wecker eher gestellt, um eher fr\u00fchst\u00fccken zu k\u00f6nnen um dann eiiigentlich eher auf der Piste zu sein.<\/p>\n<p>Dummerweise mussten wir bis zum Anfangspunkt der Strecke noch gut 1,5 Stunden fahren.<\/p>\n<p>Ungef\u00e4hr auf der H\u00e4lfte waren wir dann bereit, wieder umzukehren und nur noch mit schreckgeweiteten Augen in der Ecke zu liegen \u00a0&#8211; ich auf jeden Fall.<\/p>\n<p>Ja, es ist hier sehr bergig &#8211; wie wahrscheinlich auf allen kanarischen Inseln und es gibt auch viele enge Stra\u00dfen oder so was \u00e4hnliches.<\/p>\n<p>Das heute hat mich echt geschafft. Im ersten Anlauf sind wir an der engen Abbiegung vorbei gefahren.<\/p>\n<p>Die &#8222;Stra\u00dfe&#8220; war exakt autobreit und hatte eine Steigung von mindestens 15% &#8211; hinterher sind wir eine Stra\u00dfe mit angegebenen 12% runter und das war nicht so steil!<\/p>\n<p>Nach ein paar hundert Metern wollte der Wagen nicht mehr ziehen &#8211; und wir fuhren schon im ersten Gang&#8230;\ud83d\ude33<\/p>\n<p>Zum Gl\u00fcck gab es nur ein paar Meter hinter\/unter uns ein offenes Feld auf dem wir drehen konnten, sonst h\u00e4tten wir diese enge &#8222;Stra\u00dfe&#8220; mit dem Kurven r\u00fcckw\u00e4rts runter fahren m\u00fcssen!<\/p>\n<p>Als wir also endlich am Startpunkt waren, waren unsere Nerven wieder weitestgehend entspannt.<\/p>\n<p>Der Weg zum Gipfel vom Tamadaba ging recht gut, auch wenn es teilweise ordentlich steil war.<\/p>\n<p><a href=\"https:\/\/blog.planet-ari-um.de\/wp-content\/uploads\/2023\/07\/stausee.jpg\"><img loading=\"lazy\" decoding=\"async\" class=\"aligncenter wp-image-47418\" src=\"https:\/\/blog.planet-ari-um.de\/wp-content\/uploads\/2023\/07\/stausee.jpg\" alt=\"\" width=\"398\" height=\"265\" srcset=\"https:\/\/blog.planet-ari-um.de\/wp-content\/uploads\/2023\/07\/stausee.jpg 711w, https:\/\/blog.planet-ari-um.de\/wp-content\/uploads\/2023\/07\/stausee-300x200.jpg 300w\" sizes=\"auto, (max-width: 398px) 100vw, 398px\" \/><\/a><\/p>\n<p>Unten (links) am Stausee hatte ich ja immer noch die Hoffnung, dass man da irgendwo mal kurz h\u00e4tte rein hopsen k\u00f6nnen&#8230;<\/p>\n<p>Um den Berg wieder zu unserem Auto hoch zu krackseln und wir beide nicht den gleichen Weg nehmen wollten, mussten wir erst mal an der Stra\u00dfe entlang. Es war zum Gl\u00fcck eigentlich kein Verkehr.<\/p>\n<p>Gef\u00fchlt war der R\u00fcckweg wesentlich steiler. Es kann aber auch sein, dass es nur so \u00e4tzend war, weil es mittlerweile sp\u00e4ter Nachmittag war und die Hitze sich zwischen den B\u00e4umen gerade im unteren Bereich so wunderbar gestaut hat und eigentlich nur warme L\u00fcftchen unterwegs waren.<\/p>\n<p>Irgendwann haben wir es dann geschafft und das Auto erreicht. Da musste ich mir erst mal Wasser \u00fcber die Birne kippen!<\/p>\n<p>Im Hotel haben wir uns dann gem\u00fctlich f\u00fcrs Essen fertig gemacht.<\/p>\n","protected":false},"excerpt":{"rendered":"<p>Da es ja heute gut hei\u00df werden sollte, haben wir uns den Wecker eher gestellt, um eher fr\u00fchst\u00fccken zu k\u00f6nnen um dann eiiigentlich eher auf der Piste zu sein. Dummerweise&hellip; <\/p>\n","protected":false},"author":2,"featured_media":0,"comment_status":"open","ping_status":"open","sticky":false,"template":"","format":"standard","meta":{"footnotes":""},"categories":[18,12,13],"tags":[90],"class_list":["post-47372","post","type-post","status-publish","format-standard","hentry","category-fotografie","category-urlaub","category-wandern","tag-gran-canaria"],"_links":{"self":[{"href":"https:\/\/blog.planet-ari-um.de\/index.php?rest_route=\/wp\/v2\/posts\/47372","targetHints":{"allow":["GET"]}}],"collection":[{"href":"https:\/\/blog.planet-ari-um.de\/index.php?rest_route=\/wp\/v2\/posts"}],"about":[{"href":"https:\/\/blog.planet-ari-um.de\/index.php?rest_route=\/wp\/v2\/types\/post"}],"author":[{"embeddable":true,"href":"https:\/\/blog.planet-ari-um.de\/index.php?rest_route=\/wp\/v2\/users\/2"}],"replies":[{"embeddable":true,"href":"https:\/\/blog.planet-ari-um.de\/index.php?rest_route=%2Fwp%2Fv2%2Fcomments&post=47372"}],"version-history":[{"count":5,"href":"https:\/\/blog.planet-ari-um.de\/index.php?rest_route=\/wp\/v2\/posts\/47372\/revisions"}],"predecessor-version":[{"id":48033,"href":"https:\/\/blog.planet-ari-um.de\/index.php?rest_route=\/wp\/v2\/posts\/47372\/revisions\/48033"}],"wp:attachment":[{"href":"https:\/\/blog.planet-ari-um.de\/index.php?rest_route=%2Fwp%2Fv2%2Fmedia&parent=47372"}],"wp:term":[{"taxonomy":"category","embeddable":true,"href":"https:\/\/blog.planet-ari-um.de\/index.php?rest_route=%2Fwp%2Fv2%2Fcategories&post=47372"},{"taxonomy":"post_tag","embeddable":true,"href":"https:\/\/blog.planet-ari-um.de\/index.php?rest_route=%2Fwp%2Fv2%2Ftags&post=47372"}],"curies":[{"name":"wp","href":"https:\/\/api.w.org\/{rel}","templated":true}]}}