{"id":47368,"date":"2023-07-12T00:31:57","date_gmt":"2023-07-11T22:31:57","guid":{"rendered":"https:\/\/blog.planet-ari-um.de\/?p=47368"},"modified":"2025-05-23T17:56:06","modified_gmt":"2025-05-23T15:56:06","slug":"caldera-de-bandama","status":"publish","type":"post","link":"https:\/\/blog.planet-ari-um.de\/?p=47368","title":{"rendered":"Caldera de Bandama"},"content":{"rendered":"<p>Nach einem sehr <a href=\"https:\/\/www.suites1478.com\/de?gclid=CjwKCAiApaarBhB7EiwAYiMwqlrzoD0BRDbt-R8aVI3bB-aITDhNG-V8wRu7VNAanBphPHl3FTZ6uRoCK4YQAvD_BwE\" target=\"_blank\" rel=\"noopener\">leckeren Fr\u00fchst\u00fcck in einem anderen Hotel<\/a> &#8211; bei uns ist das Restaurant im Umbau &#8211; haben wir uns in aller Eile auf den Weg gemacht.<\/p>\n<p>Der Grund f\u00fcr die Hektik war unser am Stra\u00dfenrand geparkter Wagen. Vor dem Fr\u00fchst\u00fcck hatten wir die Parkuhr gestellt und die Zeit lief ab.<\/p>\n<p>Erste Tour: einmal auf dem Rand der Caldera drum herum.<\/p>\n<p>Irgendwie haben wir uns am Anfang schwer damit getan den richtigen Weg zu finden. Teilweise sah es \u00fcberhaupt nicht so aus als ob der Weg da weiter gehen w\u00fcrde&#8230;<\/p>\n<p>Ich habe zwar hier meine St\u00f6cke mit, hatte aber die tolle Idee, ich br\u00e4uchte die nicht. Am Anfang ging es gef\u00fchlt so doof steil auf rutschigem &#8222;Seramis&#8220;-Untergrund, dass ich nahe daran war, die noch aus dem Auto zu holen&#8230;<\/p>\n<p><a href=\"https:\/\/blog.planet-ari-um.de\/wp-content\/uploads\/2023\/07\/bandama.jpg\"><img loading=\"lazy\" decoding=\"async\" class=\"aligncenter wp-image-47411\" src=\"https:\/\/blog.planet-ari-um.de\/wp-content\/uploads\/2023\/07\/bandama.jpg\" alt=\"\" width=\"372\" height=\"248\" srcset=\"https:\/\/blog.planet-ari-um.de\/wp-content\/uploads\/2023\/07\/bandama.jpg 711w, https:\/\/blog.planet-ari-um.de\/wp-content\/uploads\/2023\/07\/bandama-300x200.jpg 300w\" sizes=\"auto, (max-width: 372px) 100vw, 372px\" \/><\/a> <a href=\"https:\/\/blog.planet-ari-um.de\/wp-content\/uploads\/2023\/07\/bandama1.jpg\"><img loading=\"lazy\" decoding=\"async\" class=\"aligncenter wp-image-47412\" src=\"https:\/\/blog.planet-ari-um.de\/wp-content\/uploads\/2023\/07\/bandama1.jpg\" alt=\"\" width=\"375\" height=\"250\" srcset=\"https:\/\/blog.planet-ari-um.de\/wp-content\/uploads\/2023\/07\/bandama1.jpg 711w, https:\/\/blog.planet-ari-um.de\/wp-content\/uploads\/2023\/07\/bandama1-300x200.jpg 300w\" sizes=\"auto, (max-width: 375px) 100vw, 375px\" \/><\/a><\/p>\n<p>Hinterher ging es aber zum Gl\u00fcck.<\/p>\n<p>Es ging bergauf und bergab und wieder rauf und runter.<\/p>\n<p>Zeitweilig war es wirklich sehr hitzig und wir haben ordentlich getrunken.<\/p>\n<p><a href=\"https:\/\/blog.planet-ari-um.de\/wp-content\/uploads\/2023\/07\/bandama2.jpg\"><img loading=\"lazy\" decoding=\"async\" class=\"aligncenter wp-image-47413\" src=\"https:\/\/blog.planet-ari-um.de\/wp-content\/uploads\/2023\/07\/bandama2.jpg\" alt=\"\" width=\"226\" height=\"339\" srcset=\"https:\/\/blog.planet-ari-um.de\/wp-content\/uploads\/2023\/07\/bandama2.jpg 474w, https:\/\/blog.planet-ari-um.de\/wp-content\/uploads\/2023\/07\/bandama2-200x300.jpg 200w\" sizes=\"auto, (max-width: 226px) 100vw, 226px\" \/><\/a><\/p>\n<p>Als wir wieder am Ausgangspunkt waren, haben wir beschlossen, wir machen noch eine zweite Tour. Nein, nat\u00fcrlich nicht den gleichen Weg noch mal und auch nicht anders rum.<\/p>\n<p>Nein, wir wollten einmal zu dem verlassenen Hof um Fu\u00dfe der Caldera.<\/p>\n<p>Auf der Strecke gab es zum Gl\u00fcck viele Schattenst\u00fccke, weil dort wesentlich mehr und gr\u00f6\u00dfere B\u00e4ume standen als oben am Rande in der trockenen Hitze.<\/p>\n<p>Unten war wirklich ein wundersch\u00f6nes Fleckchen: ein alter Hof, davor ein riesiger alter Baum mit Schaukeln.<\/p>\n<p><a href=\"https:\/\/blog.planet-ari-um.de\/wp-content\/uploads\/2023\/07\/grunban.jpg\"><img loading=\"lazy\" decoding=\"async\" class=\"aligncenter wp-image-47414\" src=\"https:\/\/blog.planet-ari-um.de\/wp-content\/uploads\/2023\/07\/grunban.jpg\" alt=\"\" width=\"241\" height=\"362\" srcset=\"https:\/\/blog.planet-ari-um.de\/wp-content\/uploads\/2023\/07\/grunban.jpg 474w, https:\/\/blog.planet-ari-um.de\/wp-content\/uploads\/2023\/07\/grunban-200x300.jpg 200w\" sizes=\"auto, (max-width: 241px) 100vw, 241px\" \/><\/a><\/p>\n<p>In der N\u00e4he war noch ein altes Nebengeb\u00e4ude bei dem wir aber irgendwie das Gef\u00fchl hatten, dass es doch noch bewohnt ist, weil auf dem Tisch eine Zitrone lag, die noch sehr gut aussah&#8230;<\/p>\n<p>An dem sch\u00f6nen Baum h\u00e4tte ich noch ewig sitzen k\u00f6nnen.<\/p>\n<p>Anschlie\u00dfend waren wir in einem kleinen Restaurant und haben eine Kleinigkeit gegessen und vor allem etwas anderes als Wasser getrunken. Das tat gut!<\/p>\n<p>Danach wollten wir uns mal den nahegelegenen Strand Playa de la Laja ansehen und einen Supermarkt suchen.<\/p>\n<p>Am Strand gibt es ganz sch\u00f6n ordentliche Wellen.<\/p>\n<p><a href=\"https:\/\/blog.planet-ari-um.de\/wp-content\/uploads\/2023\/07\/lalaja.jpg\"><img loading=\"lazy\" decoding=\"async\" class=\"aligncenter wp-image-47415\" src=\"https:\/\/blog.planet-ari-um.de\/wp-content\/uploads\/2023\/07\/lalaja.jpg\" alt=\"\" width=\"372\" height=\"248\" srcset=\"https:\/\/blog.planet-ari-um.de\/wp-content\/uploads\/2023\/07\/lalaja.jpg 711w, https:\/\/blog.planet-ari-um.de\/wp-content\/uploads\/2023\/07\/lalaja-300x200.jpg 300w\" sizes=\"auto, (max-width: 372px) 100vw, 372px\" \/><\/a><\/p>\n<p>Zum Abendessen sind wir dann in eins der vielen Restaurants eingefallen, die laut Internet heute geschlossen hatten&#8230;<\/p>\n","protected":false},"excerpt":{"rendered":"<p>Nach einem sehr leckeren Fr\u00fchst\u00fcck in einem anderen Hotel &#8211; bei uns ist das Restaurant im Umbau &#8211; haben wir uns in aller Eile auf den Weg gemacht. Der Grund&hellip; <\/p>\n","protected":false},"author":2,"featured_media":0,"comment_status":"open","ping_status":"open","sticky":false,"template":"","format":"standard","meta":{"footnotes":""},"categories":[18,12,13],"tags":[90],"class_list":["post-47368","post","type-post","status-publish","format-standard","hentry","category-fotografie","category-urlaub","category-wandern","tag-gran-canaria"],"_links":{"self":[{"href":"https:\/\/blog.planet-ari-um.de\/index.php?rest_route=\/wp\/v2\/posts\/47368","targetHints":{"allow":["GET"]}}],"collection":[{"href":"https:\/\/blog.planet-ari-um.de\/index.php?rest_route=\/wp\/v2\/posts"}],"about":[{"href":"https:\/\/blog.planet-ari-um.de\/index.php?rest_route=\/wp\/v2\/types\/post"}],"author":[{"embeddable":true,"href":"https:\/\/blog.planet-ari-um.de\/index.php?rest_route=\/wp\/v2\/users\/2"}],"replies":[{"embeddable":true,"href":"https:\/\/blog.planet-ari-um.de\/index.php?rest_route=%2Fwp%2Fv2%2Fcomments&post=47368"}],"version-history":[{"count":8,"href":"https:\/\/blog.planet-ari-um.de\/index.php?rest_route=\/wp\/v2\/posts\/47368\/revisions"}],"predecessor-version":[{"id":48034,"href":"https:\/\/blog.planet-ari-um.de\/index.php?rest_route=\/wp\/v2\/posts\/47368\/revisions\/48034"}],"wp:attachment":[{"href":"https:\/\/blog.planet-ari-um.de\/index.php?rest_route=%2Fwp%2Fv2%2Fmedia&parent=47368"}],"wp:term":[{"taxonomy":"category","embeddable":true,"href":"https:\/\/blog.planet-ari-um.de\/index.php?rest_route=%2Fwp%2Fv2%2Fcategories&post=47368"},{"taxonomy":"post_tag","embeddable":true,"href":"https:\/\/blog.planet-ari-um.de\/index.php?rest_route=%2Fwp%2Fv2%2Ftags&post=47368"}],"curies":[{"name":"wp","href":"https:\/\/api.w.org\/{rel}","templated":true}]}}