{"id":47345,"date":"2023-06-20T20:52:31","date_gmt":"2023-06-20T18:52:31","guid":{"rendered":"https:\/\/blog.planet-ari-um.de\/?p=47345"},"modified":"2025-05-23T21:08:07","modified_gmt":"2025-05-23T19:08:07","slug":"neues-aus-dem-garten-tierisches","status":"publish","type":"post","link":"https:\/\/blog.planet-ari-um.de\/?p=47345","title":{"rendered":"Neues aus dem Garten &#8211; tierisches"},"content":{"rendered":"<p>Da ich ja in letzter Zeit mal wieder so schlunzig bin mit dem Schreiben hier, kommt jetzt die geballte Ladung Neuigkeiten aus unserem Garten-Natur-Paradies.<\/p>\n<p>Wir haben immer mehr V\u00f6gel an unserem Futterh\u00e4uschen.<\/p>\n<p style=\"text-align: center\">Gimpel<br \/>\n<a href=\"https:\/\/blog.planet-ari-um.de\/wp-content\/uploads\/2023\/06\/gimp.jpg\"><img loading=\"lazy\" decoding=\"async\" class=\"aligncenter wp-image-47349\" src=\"https:\/\/blog.planet-ari-um.de\/wp-content\/uploads\/2023\/06\/gimp.jpg\" alt=\"\" width=\"277\" height=\"320\" srcset=\"https:\/\/blog.planet-ari-um.de\/wp-content\/uploads\/2023\/06\/gimp.jpg 516w, https:\/\/blog.planet-ari-um.de\/wp-content\/uploads\/2023\/06\/gimp-259x300.jpg 259w\" sizes=\"auto, (max-width: 277px) 100vw, 277px\" \/><\/a><\/p>\n<p style=\"text-align: center\">Eichelh\u00e4her<br \/>\n<a href=\"https:\/\/blog.planet-ari-um.de\/wp-content\/uploads\/2023\/06\/eichh.jpg\"><img loading=\"lazy\" decoding=\"async\" class=\"aligncenter wp-image-47348\" src=\"https:\/\/blog.planet-ari-um.de\/wp-content\/uploads\/2023\/06\/eichh.jpg\" alt=\"\" width=\"284\" height=\"351\" srcset=\"https:\/\/blog.planet-ari-um.de\/wp-content\/uploads\/2023\/06\/eichh.jpg 572w, https:\/\/blog.planet-ari-um.de\/wp-content\/uploads\/2023\/06\/eichh-242x300.jpg 242w\" sizes=\"auto, (max-width: 284px) 100vw, 284px\" \/><\/a><\/p>\n<p>Elster, Kr\u00e4he, Blau- und Kohlmeise, Spechte, Kleiber,&#8230;<\/p>\n<p>&nbsp;<\/p>\n<p>Eines Morgens sah ich aus den Augenwinkeln etwas auf mich zu huschen. Wie wir hinterher mit Fotos aus dem Internet heraus gefunden haben, war es eine Ringelnatter.<\/p>\n<p><a href=\"https:\/\/blog.planet-ari-um.de\/wp-content\/uploads\/2023\/06\/ringnat.jpg\"><img loading=\"lazy\" decoding=\"async\" class=\"aligncenter wp-image-47346\" src=\"https:\/\/blog.planet-ari-um.de\/wp-content\/uploads\/2023\/06\/ringnat.jpg\" alt=\"\" width=\"356\" height=\"297\" srcset=\"https:\/\/blog.planet-ari-um.de\/wp-content\/uploads\/2023\/06\/ringnat.jpg 597w, https:\/\/blog.planet-ari-um.de\/wp-content\/uploads\/2023\/06\/ringnat-300x250.jpg 300w\" sizes=\"auto, (max-width: 356px) 100vw, 356px\" \/><\/a>Wir glauben, dass sie eigentlich gar nicht da hin wollte, aber genauso \u00fcberrascht wie wir war, dass da jemand war&#8230;<\/p>\n<p>&nbsp;<\/p>\n<p>Eines Abends als ich noch gem\u00fctlich drau\u00dfen sa\u00df, raschelte es. Also habe ich die Taschenlampe angemacht. Und wer sa\u00df da am Futterh\u00e4uschen unten und futterte und schmatzte? Ein kleiner Waschb\u00e4r. Irgendwann hat er sich verzogen, weil das Licht wohl doch st\u00f6rte. Kurze Zeit sp\u00e4ter kam der Waschb\u00e4r, der eigentlich eine Dame ist zur\u00fcck&#8230;<\/p>\n<p><a href=\"https:\/\/blog.planet-ari-um.de\/wp-content\/uploads\/2023\/06\/waschbd.jpg\"><img loading=\"lazy\" decoding=\"async\" class=\"aligncenter wp-image-47347\" src=\"https:\/\/blog.planet-ari-um.de\/wp-content\/uploads\/2023\/06\/waschbd.jpg\" alt=\"\" width=\"342\" height=\"350\" srcset=\"https:\/\/blog.planet-ari-um.de\/wp-content\/uploads\/2023\/06\/waschbd.jpg 572w, https:\/\/blog.planet-ari-um.de\/wp-content\/uploads\/2023\/06\/waschbd-293x300.jpg 293w\" sizes=\"auto, (max-width: 342px) 100vw, 342px\" \/><\/a>Das Foto ist eine Gemeinschaftsproduktion. Mein Lieber hat das Foto gemacht, w\u00e4hrend ich geleuchtet habe.<\/p>\n","protected":false},"excerpt":{"rendered":"<p>Da ich ja in letzter Zeit mal wieder so schlunzig bin mit dem Schreiben hier, kommt jetzt die geballte Ladung Neuigkeiten aus unserem Garten-Natur-Paradies. Wir haben immer mehr V\u00f6gel an&hellip; <\/p>\n","protected":false},"author":2,"featured_media":0,"comment_status":"open","ping_status":"open","sticky":false,"template":"","format":"standard","meta":{"footnotes":""},"categories":[89,32],"tags":[],"class_list":["post-47345","post","type-post","status-publish","format-standard","hentry","category-garten","category-tiere"],"_links":{"self":[{"href":"https:\/\/blog.planet-ari-um.de\/index.php?rest_route=\/wp\/v2\/posts\/47345","targetHints":{"allow":["GET"]}}],"collection":[{"href":"https:\/\/blog.planet-ari-um.de\/index.php?rest_route=\/wp\/v2\/posts"}],"about":[{"href":"https:\/\/blog.planet-ari-um.de\/index.php?rest_route=\/wp\/v2\/types\/post"}],"author":[{"embeddable":true,"href":"https:\/\/blog.planet-ari-um.de\/index.php?rest_route=\/wp\/v2\/users\/2"}],"replies":[{"embeddable":true,"href":"https:\/\/blog.planet-ari-um.de\/index.php?rest_route=%2Fwp%2Fv2%2Fcomments&post=47345"}],"version-history":[{"count":6,"href":"https:\/\/blog.planet-ari-um.de\/index.php?rest_route=\/wp\/v2\/posts\/47345\/revisions"}],"predecessor-version":[{"id":48035,"href":"https:\/\/blog.planet-ari-um.de\/index.php?rest_route=\/wp\/v2\/posts\/47345\/revisions\/48035"}],"wp:attachment":[{"href":"https:\/\/blog.planet-ari-um.de\/index.php?rest_route=%2Fwp%2Fv2%2Fmedia&parent=47345"}],"wp:term":[{"taxonomy":"category","embeddable":true,"href":"https:\/\/blog.planet-ari-um.de\/index.php?rest_route=%2Fwp%2Fv2%2Fcategories&post=47345"},{"taxonomy":"post_tag","embeddable":true,"href":"https:\/\/blog.planet-ari-um.de\/index.php?rest_route=%2Fwp%2Fv2%2Ftags&post=47345"}],"curies":[{"name":"wp","href":"https:\/\/api.w.org\/{rel}","templated":true}]}}