{"id":47262,"date":"2023-03-16T19:09:17","date_gmt":"2023-03-16T18:09:17","guid":{"rendered":"https:\/\/blog.planet-ari-um.de\/?p=47262"},"modified":"2023-03-16T19:09:17","modified_gmt":"2023-03-16T18:09:17","slug":"mord","status":"publish","type":"post","link":"https:\/\/blog.planet-ari-um.de\/?p=47262","title":{"rendered":"Mord"},"content":{"rendered":"<p>Der Mord an einer 12j\u00e4hrigen besch\u00e4ftigt im Moment die Medien hier in der Gegend.<\/p>\n<p>Die T\u00e4terinnen sind 12 und 13 Jahre.<\/p>\n<p>Mein erster Gedanken, was stimmt mit der Welt nicht?!<\/p>\n<p>&nbsp;<\/p>\n<p>Gef\u00fchlt werden alle Leute bekloppter und rasten wegen jedem Klinkerkram aus!<\/p>\n<p>&nbsp;<\/p>\n<p>Gut, die T\u00e4terinnen sind erst 12 und 13, aber da geh\u00f6rt schon eine ordentliche Portion Kaltschn\u00e4uzigkeit dazu einen anderen Menschen umzubringen. Immerhin fallen Menschen nicht einfach so tot um, wenn man sie kurz anpackt. Das dauert ja nun mal ein wenig!<\/p>\n<p>In der Obduktion wurden wohl mehrere Messerstiche gefunden.<\/p>\n<p>Ein Messerstich kann im Affekt passiert sein. Wenn es ein lebenswichtiges Organ getroffen hat, ist\/w\u00e4re das dann &#8222;Pech&#8220;. Wenn die beiden aber mehrmals auf ihr Opfer eingestochen haben, stimmt irgendwas ganz gewaltig nicht!<\/p>\n<p>Die Kinder sind wohl jetzt erst mal aus der Familie genommen worden. Da dr\u00e4ngen sich mir dann aber wieder einige Gedanken auf:<\/p>\n<ul>\n<li>Wenn die Familie so toxisch ist, dass sie aus der Familie genommen werden (m\u00fcssen), warum haben sie dann trotzdem noch Kontakt zu den Eltern?<\/li>\n<li>Schwere Kindheit am A&#8230; Es gibt auch noch Tausende andere Kinder\/Menschen, die eine schwere Kindheit haben\/hatten &#8211; ich w\u00fcnsche es keinem &#8211; aber dennoch gehen nicht alle los und bringen andere Leute um. Es geht also sehr wohl anders!<\/li>\n<\/ul>\n","protected":false},"excerpt":{"rendered":"<p>Der Mord an einer 12j\u00e4hrigen besch\u00e4ftigt im Moment die Medien hier in der Gegend. Die T\u00e4terinnen sind 12 und 13 Jahre. Mein erster Gedanken, was stimmt mit der Welt nicht?!&hellip; <\/p>\n","protected":false},"author":2,"featured_media":0,"comment_status":"open","ping_status":"open","sticky":false,"template":"","format":"standard","meta":{"footnotes":""},"categories":[7,11],"tags":[],"class_list":["post-47262","post","type-post","status-publish","format-standard","hentry","category-die-welt","category-zum-nachdenken"],"_links":{"self":[{"href":"https:\/\/blog.planet-ari-um.de\/index.php?rest_route=\/wp\/v2\/posts\/47262","targetHints":{"allow":["GET"]}}],"collection":[{"href":"https:\/\/blog.planet-ari-um.de\/index.php?rest_route=\/wp\/v2\/posts"}],"about":[{"href":"https:\/\/blog.planet-ari-um.de\/index.php?rest_route=\/wp\/v2\/types\/post"}],"author":[{"embeddable":true,"href":"https:\/\/blog.planet-ari-um.de\/index.php?rest_route=\/wp\/v2\/users\/2"}],"replies":[{"embeddable":true,"href":"https:\/\/blog.planet-ari-um.de\/index.php?rest_route=%2Fwp%2Fv2%2Fcomments&post=47262"}],"version-history":[{"count":1,"href":"https:\/\/blog.planet-ari-um.de\/index.php?rest_route=\/wp\/v2\/posts\/47262\/revisions"}],"predecessor-version":[{"id":47263,"href":"https:\/\/blog.planet-ari-um.de\/index.php?rest_route=\/wp\/v2\/posts\/47262\/revisions\/47263"}],"wp:attachment":[{"href":"https:\/\/blog.planet-ari-um.de\/index.php?rest_route=%2Fwp%2Fv2%2Fmedia&parent=47262"}],"wp:term":[{"taxonomy":"category","embeddable":true,"href":"https:\/\/blog.planet-ari-um.de\/index.php?rest_route=%2Fwp%2Fv2%2Fcategories&post=47262"},{"taxonomy":"post_tag","embeddable":true,"href":"https:\/\/blog.planet-ari-um.de\/index.php?rest_route=%2Fwp%2Fv2%2Ftags&post=47262"}],"curies":[{"name":"wp","href":"https:\/\/api.w.org\/{rel}","templated":true}]}}