{"id":47029,"date":"2022-12-07T20:43:27","date_gmt":"2022-12-07T19:43:27","guid":{"rendered":"https:\/\/blog.planet-ari-um.de\/?p=47029"},"modified":"2022-12-07T20:43:27","modified_gmt":"2022-12-07T19:43:27","slug":"es-kraenkelt","status":"publish","type":"post","link":"https:\/\/blog.planet-ari-um.de\/?p=47029","title":{"rendered":"es kr\u00e4nkelt"},"content":{"rendered":"<p>Es fehlen immer noch 8 Kollegen und der Schulalltag gleicht im Moment eher einer Flickschusterei als allem anderen.<\/p>\n<p>Klassen m\u00fcssen teilweise abbestellt oder aufgeteilt werden, weil es sonst einfach nicht zu stemmen ist.<\/p>\n<p>Als ich also gestern in einer 4. Klasse unterrichtet habe, waren von zwei unterschiedlichen Klassen noch Kinder mit in der Klasse&#8230;<\/p>\n<p>So sehen die Vertretungspl\u00e4ne seit letztem Mittwoch aus.<\/p>\n<p><a href=\"https:\/\/blog.planet-ari-um.de\/wp-content\/uploads\/2022\/12\/mitvplanMo.jpg\"><img loading=\"lazy\" decoding=\"async\" class=\"aligncenter  wp-image-47034\" src=\"https:\/\/blog.planet-ari-um.de\/wp-content\/uploads\/2022\/12\/mitvplanMo.jpg\" alt=\"\" width=\"502\" height=\"338\" srcset=\"https:\/\/blog.planet-ari-um.de\/wp-content\/uploads\/2022\/12\/mitvplanMo.jpg 690w, https:\/\/blog.planet-ari-um.de\/wp-content\/uploads\/2022\/12\/mitvplanMo-300x202.jpg 300w\" sizes=\"auto, (max-width: 502px) 100vw, 502px\" \/><\/a>Dass man in diesem Chaos und bei dem ganzen Hekmek im Moment nichts \u00fcbersieht ist schon eine Kunst &#8211; und gelingt nicht immer&#8230;<\/p>\n<p>&nbsp;<\/p>\n<p>Es ist zwar sch\u00f6n, dass alle vom F\u00f6rderverein zu Nikolaus einen Stutenkerl bekommen haben. Allerdings ist dies im Moment aber nicht wirklich f\u00f6rderlich, wenn die Kinder, die sowieso schon am Teller drehen<\/p>\n<ul>\n<li>wegen Nikolaus<\/li>\n<li>wegen Weihnachten<\/li>\n<li>weil &#8222;Wir backen bald!&#8220;<\/li>\n<li>&#8222;Wann machen wir den Adventskalender auf?&#8220;<\/li>\n<li>&#8222;Wir fahren bald Schlittschuh!&#8220;<\/li>\n<\/ul>\n<p>von dem ganzen Zucker da drauf dann v\u00f6llig durchdrehen.<\/p>\n<p>&nbsp;<\/p>\n<p>Tja, und letzten Endes macht sich das alles inzwischen auch bei mir bemerkbar. Mein Hals tut weh, mein Kopf ist matsch und am liebsten w\u00fcrde ich direkt morgens wieder ins Bett kriechen&#8230;<\/p>\n","protected":false},"excerpt":{"rendered":"<p>Es fehlen immer noch 8 Kollegen und der Schulalltag gleicht im Moment eher einer Flickschusterei als allem anderen. Klassen m\u00fcssen teilweise abbestellt oder aufgeteilt werden, weil es sonst einfach nicht&hellip; <\/p>\n","protected":false},"author":2,"featured_media":0,"comment_status":"open","ping_status":"open","sticky":false,"template":"","format":"standard","meta":{"footnotes":""},"categories":[8],"tags":[],"class_list":["post-47029","post","type-post","status-publish","format-standard","hentry","category-schule"],"_links":{"self":[{"href":"https:\/\/blog.planet-ari-um.de\/index.php?rest_route=\/wp\/v2\/posts\/47029","targetHints":{"allow":["GET"]}}],"collection":[{"href":"https:\/\/blog.planet-ari-um.de\/index.php?rest_route=\/wp\/v2\/posts"}],"about":[{"href":"https:\/\/blog.planet-ari-um.de\/index.php?rest_route=\/wp\/v2\/types\/post"}],"author":[{"embeddable":true,"href":"https:\/\/blog.planet-ari-um.de\/index.php?rest_route=\/wp\/v2\/users\/2"}],"replies":[{"embeddable":true,"href":"https:\/\/blog.planet-ari-um.de\/index.php?rest_route=%2Fwp%2Fv2%2Fcomments&post=47029"}],"version-history":[{"count":5,"href":"https:\/\/blog.planet-ari-um.de\/index.php?rest_route=\/wp\/v2\/posts\/47029\/revisions"}],"predecessor-version":[{"id":47037,"href":"https:\/\/blog.planet-ari-um.de\/index.php?rest_route=\/wp\/v2\/posts\/47029\/revisions\/47037"}],"wp:attachment":[{"href":"https:\/\/blog.planet-ari-um.de\/index.php?rest_route=%2Fwp%2Fv2%2Fmedia&parent=47029"}],"wp:term":[{"taxonomy":"category","embeddable":true,"href":"https:\/\/blog.planet-ari-um.de\/index.php?rest_route=%2Fwp%2Fv2%2Fcategories&post=47029"},{"taxonomy":"post_tag","embeddable":true,"href":"https:\/\/blog.planet-ari-um.de\/index.php?rest_route=%2Fwp%2Fv2%2Ftags&post=47029"}],"curies":[{"name":"wp","href":"https:\/\/api.w.org\/{rel}","templated":true}]}}