{"id":46698,"date":"2022-07-21T23:06:16","date_gmt":"2022-07-21T21:06:16","guid":{"rendered":"https:\/\/blog.planet-ari-um.de\/?p=46698"},"modified":"2022-07-21T23:06:16","modified_gmt":"2022-07-21T21:06:16","slug":"hitzetage","status":"publish","type":"post","link":"https:\/\/blog.planet-ari-um.de\/?p=46698","title":{"rendered":"Hitzetage"},"content":{"rendered":"<p>Die letzten Tage bin ich tats\u00e4chlich &#8211; so mehr oder weniger freiwillig &#8211; fr\u00fch aufgestanden!<\/p>\n<p>Zum einen brauchten die Pflanzen vor der Hitze ein wenig zu trinken, bzw. ich habe geguckt, wie sie aussehen und dann entschieden, ob sie schon was brauchen oder nicht.<\/p>\n<p>Zum anderen wollte ich die Zeit noch nutzen bevor man es drau\u00dfen nicht mehr aush\u00e4lt in der Sonne&#8230; Durch unseren feinen Wintergarten haben wir auf der Terrasse,\u00a0 mehr oder weniger direkt vor der Hauswand noch bis gegen 11:30 Uhr Schatten. Gerade bei den Temperaturen der letzten Tage, fand ich es da auf meinem Pl\u00e4tzchen sehr angenehm!<\/p>\n<p>Mittags habe ich dann drinnen gewerkelt.<\/p>\n<p>Zum Abend hin habe ich dann vorsichtig mal den Kopf wieder rausgestreckt und geguckt, ob ich es schon wieder aushalte.<\/p>\n<p>Erstaunlich war, dass es an den ersten hei\u00dfen Tagen abends relativ schnell echt verflixt k\u00fchl wurde. Erst die letzten Tage konnte man wirklich gem\u00fctlich bis nachts drau\u00dfen sitzen, was wir dann auch ausgiebig getan haben!<\/p>\n<p>Unsere Pflanzen &#8211; selbst die in den T\u00f6pfen &#8211; haben die hei\u00dfen Temperaturen zum Gl\u00fcck ganz gut \u00fcberstanden und seit gestern am sp\u00e4ten Nachmittag regnet es wunderbar gem\u00fctlich vor sich hin.<\/p>\n","protected":false},"excerpt":{"rendered":"<p>Die letzten Tage bin ich tats\u00e4chlich &#8211; so mehr oder weniger freiwillig &#8211; fr\u00fch aufgestanden! Zum einen brauchten die Pflanzen vor der Hitze ein wenig zu trinken, bzw. ich habe&hellip; <\/p>\n","protected":false},"author":2,"featured_media":0,"comment_status":"open","ping_status":"open","sticky":false,"template":"","format":"standard","meta":{"footnotes":""},"categories":[89],"tags":[],"class_list":["post-46698","post","type-post","status-publish","format-standard","hentry","category-garten"],"_links":{"self":[{"href":"https:\/\/blog.planet-ari-um.de\/index.php?rest_route=\/wp\/v2\/posts\/46698","targetHints":{"allow":["GET"]}}],"collection":[{"href":"https:\/\/blog.planet-ari-um.de\/index.php?rest_route=\/wp\/v2\/posts"}],"about":[{"href":"https:\/\/blog.planet-ari-um.de\/index.php?rest_route=\/wp\/v2\/types\/post"}],"author":[{"embeddable":true,"href":"https:\/\/blog.planet-ari-um.de\/index.php?rest_route=\/wp\/v2\/users\/2"}],"replies":[{"embeddable":true,"href":"https:\/\/blog.planet-ari-um.de\/index.php?rest_route=%2Fwp%2Fv2%2Fcomments&post=46698"}],"version-history":[{"count":1,"href":"https:\/\/blog.planet-ari-um.de\/index.php?rest_route=\/wp\/v2\/posts\/46698\/revisions"}],"predecessor-version":[{"id":46699,"href":"https:\/\/blog.planet-ari-um.de\/index.php?rest_route=\/wp\/v2\/posts\/46698\/revisions\/46699"}],"wp:attachment":[{"href":"https:\/\/blog.planet-ari-um.de\/index.php?rest_route=%2Fwp%2Fv2%2Fmedia&parent=46698"}],"wp:term":[{"taxonomy":"category","embeddable":true,"href":"https:\/\/blog.planet-ari-um.de\/index.php?rest_route=%2Fwp%2Fv2%2Fcategories&post=46698"},{"taxonomy":"post_tag","embeddable":true,"href":"https:\/\/blog.planet-ari-um.de\/index.php?rest_route=%2Fwp%2Fv2%2Ftags&post=46698"}],"curies":[{"name":"wp","href":"https:\/\/api.w.org\/{rel}","templated":true}]}}