{"id":46552,"date":"2022-05-20T15:31:41","date_gmt":"2022-05-20T13:31:41","guid":{"rendered":"https:\/\/blog.planet-ari-um.de\/?p=46552"},"modified":"2022-05-20T15:31:41","modified_gmt":"2022-05-20T13:31:41","slug":"weltbienentag","status":"publish","type":"post","link":"https:\/\/blog.planet-ari-um.de\/?p=46552","title":{"rendered":"Weltbienentag"},"content":{"rendered":"<p>Ich verfolge auf Insta schon seit einiger Zeit das Entstehen eines Naturgartens mit leichten regelm\u00e4\u00dfigen Neidanf\u00e4llen.<\/p>\n<p>Auch wenn unser Garten nicht gerade klein ist &#8211; im Vergleich zu den Handtuch-G\u00e4rten der meisten anderen Neubaugrundst\u00fccke &#8211; ist dieser Garten noch um einiges gr\u00f6\u00dfer!<\/p>\n<p>Daher neidet es mich, dass <a href=\"https:\/\/mein-naturgarten.de\/\" target=\"_blank\" rel=\"noopener\">Ralf Becker<\/a> einfach alle Pflanzen kaufen kann, ohne sich wie ich entscheiden zu m\u00fcssen. Dabei kann ich das doch nicht&#8230;<\/p>\n<p>Bei ihm habe ich auch eine absolut treffende Beschreibung f\u00fcr diesen Tag gefunden.<\/p>\n<blockquote><p>An diesem Tag m\u00fcssen wir uns immer vor Augen f\u00fchren, wie wichtig diese vielen kleinen Helfer f\u00fcr unser \u00d6kosystem sind.<\/p>\n<p>Derzeit verschwinden pro Jahr etwa ein Hundertstel aller Insekten, darunter auch Bienen (wozu auch Wildbienen und Hummeln geh\u00f6ren). In 25 Jahren sind ein Viertel aller Insekten verschwunden \ud83d\ude28<\/p>\n<p>Die H\u00e4lfte aller Bienen- und K\u00e4ferarten sind vom Aussterben bedroht.<\/p>\n<p>[&#8230;]<\/p>\n<p>Der Tag der Bienen muss f\u00fcr uns alle ein Weckruf sein. Wir m\u00fcssen umdenken, wenn wir morgen noch eine intakte Natur m\u00f6chten \ud83d\ude0a<\/p>\n<p>Jeder kann mitmachen.<\/p>\n<p style=\"text-align: right\"><a href=\"https:\/\/mein-naturgarten.de\/\" target=\"_blank\" rel=\"noopener\">Mein-Naturgarten.de<\/a><\/p>\n<\/blockquote>\n<p>Dem kann ich nur zustimmen!<\/p>\n<p>Jeder kann und sollte mitmachen! Gerade ein &#8222;einfacher&#8220; Bl\u00fchstreifen ist keine Arbeit, sieht toll aus und lockt viele kleine schnuckelige Tierchen an!<\/p>\n","protected":false},"excerpt":{"rendered":"<p>Ich verfolge auf Insta schon seit einiger Zeit das Entstehen eines Naturgartens mit leichten regelm\u00e4\u00dfigen Neidanf\u00e4llen. Auch wenn unser Garten nicht gerade klein ist &#8211; im Vergleich zu den Handtuch-G\u00e4rten&hellip; <\/p>\n","protected":false},"author":2,"featured_media":0,"comment_status":"open","ping_status":"open","sticky":false,"template":"","format":"standard","meta":{"footnotes":""},"categories":[9,32],"tags":[],"class_list":["post-46552","post","type-post","status-publish","format-standard","hentry","category-aktionen","category-tiere"],"_links":{"self":[{"href":"https:\/\/blog.planet-ari-um.de\/index.php?rest_route=\/wp\/v2\/posts\/46552","targetHints":{"allow":["GET"]}}],"collection":[{"href":"https:\/\/blog.planet-ari-um.de\/index.php?rest_route=\/wp\/v2\/posts"}],"about":[{"href":"https:\/\/blog.planet-ari-um.de\/index.php?rest_route=\/wp\/v2\/types\/post"}],"author":[{"embeddable":true,"href":"https:\/\/blog.planet-ari-um.de\/index.php?rest_route=\/wp\/v2\/users\/2"}],"replies":[{"embeddable":true,"href":"https:\/\/blog.planet-ari-um.de\/index.php?rest_route=%2Fwp%2Fv2%2Fcomments&post=46552"}],"version-history":[{"count":4,"href":"https:\/\/blog.planet-ari-um.de\/index.php?rest_route=\/wp\/v2\/posts\/46552\/revisions"}],"predecessor-version":[{"id":46556,"href":"https:\/\/blog.planet-ari-um.de\/index.php?rest_route=\/wp\/v2\/posts\/46552\/revisions\/46556"}],"wp:attachment":[{"href":"https:\/\/blog.planet-ari-um.de\/index.php?rest_route=%2Fwp%2Fv2%2Fmedia&parent=46552"}],"wp:term":[{"taxonomy":"category","embeddable":true,"href":"https:\/\/blog.planet-ari-um.de\/index.php?rest_route=%2Fwp%2Fv2%2Fcategories&post=46552"},{"taxonomy":"post_tag","embeddable":true,"href":"https:\/\/blog.planet-ari-um.de\/index.php?rest_route=%2Fwp%2Fv2%2Ftags&post=46552"}],"curies":[{"name":"wp","href":"https:\/\/api.w.org\/{rel}","templated":true}]}}