{"id":46512,"date":"2022-05-06T22:38:42","date_gmt":"2022-05-06T20:38:42","guid":{"rendered":"https:\/\/blog.planet-ari-um.de\/?p=46512"},"modified":"2022-05-06T22:43:57","modified_gmt":"2022-05-06T20:43:57","slug":"wieder-da-3","status":"publish","type":"post","link":"https:\/\/blog.planet-ari-um.de\/?p=46512","title":{"rendered":"Wieder da"},"content":{"rendered":"<p>Alt werde ich heute definitiv nicht mehr, auch wenn ich schon Klassenfahrten mit wesentlich k\u00fcrzeren N\u00e4chten hatte&#8230;<\/p>\n<p>Mit den Kollegen haben wir uns gut 1 Stunde bevor es los ging an der Unterkunft getroffen, um 1. die Autos los zu sein und 2. die Strecke mal abzugehen. Mit dem Auto war es gef\u00fchlt sehr weit und wir hatten zwischenzeitlich echt Bedenken, dass die Kinder das schaffen w\u00fcrden. Das t\u00e4uschte aber&#8230;<\/p>\n<p>Obwohl wir uns erst um 8:20 Uhr treffen wollten, waren viele schon gut 10 Minuten eher da. Die Kinder waren ganz aufgeregt als es los ging. Tats\u00e4chlich wurde auch nicht gen\u00f6hlt wie weit es denn noch ist oder dass es sooo anstrengend ist, den Berg hoch zu laufen&#8230;<\/p>\n<p>Mehr oder weniger die 1. Frage als wir ankamen: &#8222;Wann k\u00f6nnen wir aufs Zimmer?&#8220;<\/p>\n<p>WARUM? In dem Alter w\u00e4re mir das Zimmer vollkommen Schnuppe gewesen. Bis zum Mittag haben wir b\u00f6sen Lehrerinnen die Kinder eiskalt drau\u00dfen gehalten&#8230;<\/p>\n<p>Zu Mittag haben wir versetzt gegessen &#8211; immer 2 Klassen. Zwei Kolleginnen waren schon mal dort und sagten, es w\u00e4re in dem Essensraum sehr laut. Aber da es sich arg gezogen hat und die zweite Gruppe erst fast 1 Stunde sp\u00e4ter essen konnte, haben wir in den sauren Apfel gebissen und uns trotz der tats\u00e4chlich sehr lauten Akkustik dazu entschlossen, die n\u00e4chsten Mahlzeiten alle zusammen einzunehmen.<\/p>\n<p>Beim Mittag ging es noch aber beim Abendessen habe ich bei einigen Kindern echt nicht mehr gewusst, was man da sagen oder denken soll. Bei einem Kind sah der Teller aus als h\u00e4tte sich ein Wildschwein durchgefr\u00e4st. In der Mitte war der Teller fast leer, alles nach au\u00dfen geschoben, aber das meiste lag um den Teller verteilt auf dem Tisch&#8230; Zum Gl\u00fcck war es keiner aus meiner Klasse.<\/p>\n<p>Auch wenn wir den Kindern viel Freizeit lassen wollten, hatten wir doch ein wenig Programm. Im Wald sollten die Kinder in Gruppen Kugelbahnen bauen. Woran keiner von uns vorher gedacht hatte, waren die kurzen Baumst\u00e4mme, die vom B\u00e4umef\u00e4llen noch \u00fcberall im Wald lagen. 3 St\u00e4mme kamen durch das Werkeln der Kinder ins Rollen und rauschten dann den Berg runter auf den Weg. Verdammt werden diese Dinger schnell! Zum Gl\u00fcck hat kein Stamm getroffen&#8230; Die Kinder hatten sichtlich Spa\u00df beim Bauen!<\/p>\n<p>Als wir wieder an der Herberge waren, haben wir eine Mini-Olympiade gemacht mit Sackh\u00fcpfen, Wasser- und Eierlauf, Slalomlauf mit Sands\u00e4ckchen auf dem Kopf, &#8230;<\/p>\n<p>Nach dem Abendessen haben wir gemeinsam gesungen, dann hatten die Kinder noch etwas Freizeit, danach haben wir klassenweise noch eine Gute-Nacht-Geschichte vorgelesen, dann hie\u00df es schlafen.<\/p>\n<p>Nur f\u00fcr uns nicht. Insgesamt 3 Kinder mussten abgeholt werden, weil sie so Heimweh hatten. Ein M\u00e4dchen aus meiner Klasse ist nach einer separaten Geschichte und gemeinsam mit ihrer Zimmer-Genossin im Bett hinterher dann iiirgendwann doch eingeschlafen!<\/p>\n<p>Absolut &#8222;grausig&#8220; fand ich das Schicksal eines Jungen aus der Parallel-Klasse. Er heulte Rotz und Wasser und wollte unbedingt nach Hause. Die Kollegin rief auf dem Festnetz an &#8211; nichts. Sie rief bei der Mutter auf dem Handy an &#8211; nichts. Sie rief auf dem Handy des Vaters an &#8211; nichts. Das hei\u00dft, der arme Junge musste da bleiben, weil die Kollegin niemanden erreicht hat&#8230;<\/p>\n<p>Gegen 0:30 Uhr war ich dann auch im Bett &#8211; um kurz nach 5 Uhr waren die ersten schon wieder zu h\u00f6ren.<\/p>\n<p>Alles in allem war es ein entspannter Ausflug ohne Verletzungen oder gro\u00dfe Streitereien!<\/p>\n","protected":false},"excerpt":{"rendered":"<p>Alt werde ich heute definitiv nicht mehr, auch wenn ich schon Klassenfahrten mit wesentlich k\u00fcrzeren N\u00e4chten hatte&#8230; Mit den Kollegen haben wir uns gut 1 Stunde bevor es los ging&hellip; <\/p>\n","protected":false},"author":2,"featured_media":0,"comment_status":"open","ping_status":"open","sticky":false,"template":"","format":"standard","meta":{"footnotes":""},"categories":[8],"tags":[],"class_list":["post-46512","post","type-post","status-publish","format-standard","hentry","category-schule"],"_links":{"self":[{"href":"https:\/\/blog.planet-ari-um.de\/index.php?rest_route=\/wp\/v2\/posts\/46512","targetHints":{"allow":["GET"]}}],"collection":[{"href":"https:\/\/blog.planet-ari-um.de\/index.php?rest_route=\/wp\/v2\/posts"}],"about":[{"href":"https:\/\/blog.planet-ari-um.de\/index.php?rest_route=\/wp\/v2\/types\/post"}],"author":[{"embeddable":true,"href":"https:\/\/blog.planet-ari-um.de\/index.php?rest_route=\/wp\/v2\/users\/2"}],"replies":[{"embeddable":true,"href":"https:\/\/blog.planet-ari-um.de\/index.php?rest_route=%2Fwp%2Fv2%2Fcomments&post=46512"}],"version-history":[{"count":3,"href":"https:\/\/blog.planet-ari-um.de\/index.php?rest_route=\/wp\/v2\/posts\/46512\/revisions"}],"predecessor-version":[{"id":46515,"href":"https:\/\/blog.planet-ari-um.de\/index.php?rest_route=\/wp\/v2\/posts\/46512\/revisions\/46515"}],"wp:attachment":[{"href":"https:\/\/blog.planet-ari-um.de\/index.php?rest_route=%2Fwp%2Fv2%2Fmedia&parent=46512"}],"wp:term":[{"taxonomy":"category","embeddable":true,"href":"https:\/\/blog.planet-ari-um.de\/index.php?rest_route=%2Fwp%2Fv2%2Fcategories&post=46512"},{"taxonomy":"post_tag","embeddable":true,"href":"https:\/\/blog.planet-ari-um.de\/index.php?rest_route=%2Fwp%2Fv2%2Ftags&post=46512"}],"curies":[{"name":"wp","href":"https:\/\/api.w.org\/{rel}","templated":true}]}}