{"id":46195,"date":"2022-02-21T16:02:43","date_gmt":"2022-02-21T15:02:43","guid":{"rendered":"https:\/\/blog.planet-ari-um.de\/?p=46195"},"modified":"2025-05-24T13:07:43","modified_gmt":"2025-05-24T11:07:43","slug":"sturmchronik","status":"publish","type":"post","link":"https:\/\/blog.planet-ari-um.de\/?p=46195","title":{"rendered":"Sturmchronik"},"content":{"rendered":"<p>Die gute Xandra schlich sich recht z\u00f6gerlich ran.<\/p>\n<p>Nachmittags gab es mal ein paar kleine heftige B\u00f6en, im Gro\u00dfen und Ganzen war es aber ruhig.<\/p>\n<p>Erst als wir uns beim Sport gequ\u00e4lt haben, h\u00f6rte man immer heftigeren Regen auf das Dach schlagen und starken Wind um die Ecken pfeifen.<\/p>\n<p>Auf dem Weg zur\u00fcck zum Auto hatten wir einigerma\u00dfen Gl\u00fcck und sind relativ trocken zum Auto gekommen.<\/p>\n<p>Irgendwann am Abend oder in der Nacht haben sich dann wohl Xandra und Ylenia die Klinke in die Hand gegeben. Vielleicht haben sie auch gemeinsame Sache gemacht. Xandra war wohl haupts\u00e4chlich die Regentante und Ylenia hat den Wind gebracht&#8230;<\/p>\n<p>Auch die ganze Nacht \u00fcber pfiff und pustete es gut ums Haus. Aber im Vergleich zu irgendeinem Sturm letztes Jahr im Herbst bei dem im wahrsten Sinne des Wortes das ganze Haus wackelte, war es noch vergleichsweise ruhig.<\/p>\n<p>Donnerstag war ja wie gesagt die Schule ausgesetzt. Eigentlich hatten wir ein Notteam aus dem Ort bestimmt, dass morgens hinf\u00e4hrt, um ggf. vorbeifliegende Kinder einzusammeln &#8211; nein, aufgetauchte Kinder wieder abholen l\u00e4sst. Da es morgens aber tats\u00e4chlich \u00fcberhaupt nicht wirklich dramatisch war, ist die Chefin nur kurz hingefahren. Es war tats\u00e4chlich keiner da. Tja, &#8222;frei&#8220; spricht sich halt schnell rum. Aber ich bin sicher, dass viele das haupts\u00e4chlich aus den Nachrichten mitbekommen haben&#8230;<\/p>\n<p>Freitag Abend ging es dann munter mit dem n\u00e4chsten Sturm weiter: Zeynep. Sie hatte Windst\u00e4rken bis 196 km\/h mit im Gep\u00e4ck und ist somit eigentlich ein Orkan.<\/p>\n<p>Teilweise pfiff es an unserem Wintergarten so stark, dass ich gedacht habe, die T\u00fcr fliegt gleich in den Wintergarten. Sicherheitshalber habe ich dann mal gef\u00fchlt, ob irgendwo eine L\u00fccke ist, wo der Wind ein richtiges Packende h\u00e4tte. Zum Gl\u00fcck war alles dicht, aber allein beim Ber\u00fchren der T\u00fcr konnte man die Kraft sp\u00fcren, mit der Zeynep dagegen dr\u00fcckt.<\/p>\n<p>Alle Fenster, T\u00fcren, und Dachziegel sind noch da wo sie sein sollten. Auch der alte Baum zwischen Nachbars und unserem Grundst\u00fcck ein St\u00fcckchen weiter unterhalb steht noch, obwohl er jetzt durch die Rodung der Grundst\u00fcckfl\u00e4chen vollkommen frei steht.<\/p>\n<p>Samstag war es tags\u00fcber sogar tats\u00e4chlich teilweise sonnig und trocken. So sind der Hamsta und ich ganz spannend einmal um den Block gegangen. *g\u00e4hn* Nachdem ich das Foto von einem vollkommen platten Auto gesehen habe, muss ich mir, glaube ich, keinen Baum\/Ast im Wald auf den Kopf fallen lassen&#8230; Aber Wald ist schon was ganz anderes!<\/p>\n<p>Nachmittags fing es wieder an zu pl\u00e4stern.<\/p>\n<p>Sonntag Abend wartete dann schon der n\u00e4chste Sturm: Antonia. Daf\u00fcr, dass dazu eigentlich nirgens im Vorfeld was zu gesagt wurde, hatte es die Antonia auch ganz ordentlich in sich. An ruhigen Schlaf war also \u00fcberhaupt nicht zu denken. Prompt bin ich heute morgen auch mit einem Knickhals aufgewacht.<\/p>\n","protected":false},"excerpt":{"rendered":"<p>Die gute Xandra schlich sich recht z\u00f6gerlich ran. Nachmittags gab es mal ein paar kleine heftige B\u00f6en, im Gro\u00dfen und Ganzen war es aber ruhig. Erst als wir uns beim&hellip; <\/p>\n","protected":false},"author":2,"featured_media":0,"comment_status":"open","ping_status":"open","sticky":false,"template":"","format":"standard","meta":{"footnotes":""},"categories":[33],"tags":[],"class_list":["post-46195","post","type-post","status-publish","format-standard","hentry","category-wetter"],"_links":{"self":[{"href":"https:\/\/blog.planet-ari-um.de\/index.php?rest_route=\/wp\/v2\/posts\/46195","targetHints":{"allow":["GET"]}}],"collection":[{"href":"https:\/\/blog.planet-ari-um.de\/index.php?rest_route=\/wp\/v2\/posts"}],"about":[{"href":"https:\/\/blog.planet-ari-um.de\/index.php?rest_route=\/wp\/v2\/types\/post"}],"author":[{"embeddable":true,"href":"https:\/\/blog.planet-ari-um.de\/index.php?rest_route=\/wp\/v2\/users\/2"}],"replies":[{"embeddable":true,"href":"https:\/\/blog.planet-ari-um.de\/index.php?rest_route=%2Fwp%2Fv2%2Fcomments&post=46195"}],"version-history":[{"count":8,"href":"https:\/\/blog.planet-ari-um.de\/index.php?rest_route=\/wp\/v2\/posts\/46195\/revisions"}],"predecessor-version":[{"id":48071,"href":"https:\/\/blog.planet-ari-um.de\/index.php?rest_route=\/wp\/v2\/posts\/46195\/revisions\/48071"}],"wp:attachment":[{"href":"https:\/\/blog.planet-ari-um.de\/index.php?rest_route=%2Fwp%2Fv2%2Fmedia&parent=46195"}],"wp:term":[{"taxonomy":"category","embeddable":true,"href":"https:\/\/blog.planet-ari-um.de\/index.php?rest_route=%2Fwp%2Fv2%2Fcategories&post=46195"},{"taxonomy":"post_tag","embeddable":true,"href":"https:\/\/blog.planet-ari-um.de\/index.php?rest_route=%2Fwp%2Fv2%2Ftags&post=46195"}],"curies":[{"name":"wp","href":"https:\/\/api.w.org\/{rel}","templated":true}]}}