{"id":45518,"date":"2021-10-09T22:53:58","date_gmt":"2021-10-09T20:53:58","guid":{"rendered":"https:\/\/blog.planet-ari-um.de\/?p=45518"},"modified":"2022-05-18T22:37:25","modified_gmt":"2022-05-18T20:37:25","slug":"pflanztag-2","status":"publish","type":"post","link":"https:\/\/blog.planet-ari-um.de\/?p=45518","title":{"rendered":"Pflanztag"},"content":{"rendered":"<p>Nachdem unsere Pflanzen letzte Woche hier zum Gro\u00dfteil nach und nach schon eingetrudelt waren, haben wir heute bei dem sch\u00f6nen Wetter einen Pflanztag eingelegt.<\/p>\n<p>Wir haben gegen 11:00 Uhr gestartet und abgesehen von einer Essenspause bis abends gegen 19:00 Uhr durchgebuddelt.<\/p>\n<p>Jetzt sehen der gro\u00dfe Hang an der Ostseite und der Hang unter unserer Terrasse schon wunderbar ver\u00e4ndert aus. Unten Richtung Wald stehen schon die B\u00fcsche f\u00fcr unsere Vogelhecke. Na, wehe, da tauchen keine V\u00f6gel auf&#8230; Die Mauer ist auch teilweise schon bepflanzt. Da fehlen allerdings noch ein paar Pflanzen. Besonders in dem Beet hinter der Mauerkrone m\u00fcssen noch einige Pflanzen hin.<\/p>\n<p>Es ist erstaunlich was so ein paar Pflanzen ausmachen. Gut, es waren \u00fcber 100&#8230;<\/p>\n<p>Was auch relativ komisch ist: obwohl ich mir ja einen Pflanzenplan gemacht habe, wo was hin soll, habe ich mich letztendlich nicht wirklich daran gehalten &#8211; au\u00dfer bei unserer Hecke. Zum einen lag das daran, dass ein paar Pflanzen noch nicht geliefert werden konnten, somit gefehlt und wir umst\u00e4ndlich h\u00e4tten Bereiche und Pflanzl\u00f6cher auslassen m\u00fcssen. Zum anderen habe ich mich beim angucken der Pflanzen umentschieden. Ich fand, dass einige Pflanzen besser zu anderen passten, als ich vorher \u00fcberlegt hatte&#8230;<\/p>\n<p>So viel zu Tag 1 unserer Pflanzerei. Morgen m\u00fcssen gemopste Pflanzen noch einen Platz finden!<\/p>\n","protected":false},"excerpt":{"rendered":"<p>Nachdem unsere Pflanzen letzte Woche hier zum Gro\u00dfteil nach und nach schon eingetrudelt waren, haben wir heute bei dem sch\u00f6nen Wetter einen Pflanztag eingelegt. Wir haben gegen 11:00 Uhr gestartet&hellip; <\/p>\n","protected":false},"author":2,"featured_media":0,"comment_status":"open","ping_status":"open","sticky":false,"template":"","format":"standard","meta":{"footnotes":""},"categories":[89,38],"tags":[],"class_list":["post-45518","post","type-post","status-publish","format-standard","hentry","category-garten","category-pflanzen"],"_links":{"self":[{"href":"https:\/\/blog.planet-ari-um.de\/index.php?rest_route=\/wp\/v2\/posts\/45518","targetHints":{"allow":["GET"]}}],"collection":[{"href":"https:\/\/blog.planet-ari-um.de\/index.php?rest_route=\/wp\/v2\/posts"}],"about":[{"href":"https:\/\/blog.planet-ari-um.de\/index.php?rest_route=\/wp\/v2\/types\/post"}],"author":[{"embeddable":true,"href":"https:\/\/blog.planet-ari-um.de\/index.php?rest_route=\/wp\/v2\/users\/2"}],"replies":[{"embeddable":true,"href":"https:\/\/blog.planet-ari-um.de\/index.php?rest_route=%2Fwp%2Fv2%2Fcomments&post=45518"}],"version-history":[{"count":6,"href":"https:\/\/blog.planet-ari-um.de\/index.php?rest_route=\/wp\/v2\/posts\/45518\/revisions"}],"predecessor-version":[{"id":46011,"href":"https:\/\/blog.planet-ari-um.de\/index.php?rest_route=\/wp\/v2\/posts\/45518\/revisions\/46011"}],"wp:attachment":[{"href":"https:\/\/blog.planet-ari-um.de\/index.php?rest_route=%2Fwp%2Fv2%2Fmedia&parent=45518"}],"wp:term":[{"taxonomy":"category","embeddable":true,"href":"https:\/\/blog.planet-ari-um.de\/index.php?rest_route=%2Fwp%2Fv2%2Fcategories&post=45518"},{"taxonomy":"post_tag","embeddable":true,"href":"https:\/\/blog.planet-ari-um.de\/index.php?rest_route=%2Fwp%2Fv2%2Ftags&post=45518"}],"curies":[{"name":"wp","href":"https:\/\/api.w.org\/{rel}","templated":true}]}}