{"id":45513,"date":"2021-10-04T22:09:18","date_gmt":"2021-10-04T20:09:18","guid":{"rendered":"https:\/\/blog.planet-ari-um.de\/?p=45513"},"modified":"2022-05-18T22:22:56","modified_gmt":"2022-05-18T20:22:56","slug":"gartenplanung-2","status":"publish","type":"post","link":"https:\/\/blog.planet-ari-um.de\/?p=45513","title":{"rendered":"Gartenplanung"},"content":{"rendered":"<p>Von meiner ersten Gartenplanung &#8211; mein Lieber l\u00e4sst mich da werkeln wie ich will :o) &#8211; bis zu unserer jetzigen Planung, mit der ich hoffentlich hinterher auch noch zufrieden bin, hat sich viel getan.<\/p>\n<p>Viele von den schon weit im Vorfeld und immer noch gesammelten Ideen und Inspirationen sind rausgeflogen und andere neu dazu gekommen.<\/p>\n<p>Aber es wird:<\/p>\n<ul>\n<li>Der untere Gartenbereich ist glatt und mit Mutterboden aufgef\u00fcllt.<\/li>\n<li>Der Hang zur Terrasse ist fertig und ebenfalls mit Mutterboden \u00fcberzogen.<\/li>\n<li>Die Treppe hat auch ihre letzte Stufe bekommen und ist somit fertig.<\/li>\n<li>Die Trockenmauer ist fertig.<\/li>\n<li>Hinter der Trockenmauer befindet sich schon Mutterboden f\u00fcr den Beetstreifen.<\/li>\n<li>Der Terrassenbereich ist mit Schotter angef\u00fcllt und verdichtet. (Im Trickfilm w\u00e4re ich heute mit meinem Stuhl im Arbeitszimmer durch das R\u00fctteln durchs ganze Zimmer gehopst worden&#8230;)<\/li>\n<li>Der Garagenbereich ist jetzt bei Regen kein Dauert\u00fcmpel mehr und auch mit Schotter aufgef\u00fcllt.<\/li>\n<li>Unsere Verschattung am Erker ist dran und die Elektroleitungen sind zumindest schon verlegt, wenn auch noch nicht endg\u00fcltig angeschlossen.<\/li>\n<\/ul>\n<p>Sooo viele sch\u00f6ne H\u00e4kchen, die wir machen k\u00f6nnen!<\/p>\n","protected":false},"excerpt":{"rendered":"<p>Von meiner ersten Gartenplanung &#8211; mein Lieber l\u00e4sst mich da werkeln wie ich will :o) &#8211; bis zu unserer jetzigen Planung, mit der ich hoffentlich hinterher auch noch zufrieden bin,&hellip; <\/p>\n","protected":false},"author":2,"featured_media":0,"comment_status":"open","ping_status":"open","sticky":false,"template":"","format":"standard","meta":{"footnotes":""},"categories":[89],"tags":[],"class_list":["post-45513","post","type-post","status-publish","format-standard","hentry","category-garten"],"_links":{"self":[{"href":"https:\/\/blog.planet-ari-um.de\/index.php?rest_route=\/wp\/v2\/posts\/45513","targetHints":{"allow":["GET"]}}],"collection":[{"href":"https:\/\/blog.planet-ari-um.de\/index.php?rest_route=\/wp\/v2\/posts"}],"about":[{"href":"https:\/\/blog.planet-ari-um.de\/index.php?rest_route=\/wp\/v2\/types\/post"}],"author":[{"embeddable":true,"href":"https:\/\/blog.planet-ari-um.de\/index.php?rest_route=\/wp\/v2\/users\/2"}],"replies":[{"embeddable":true,"href":"https:\/\/blog.planet-ari-um.de\/index.php?rest_route=%2Fwp%2Fv2%2Fcomments&post=45513"}],"version-history":[{"count":4,"href":"https:\/\/blog.planet-ari-um.de\/index.php?rest_route=\/wp\/v2\/posts\/45513\/revisions"}],"predecessor-version":[{"id":45653,"href":"https:\/\/blog.planet-ari-um.de\/index.php?rest_route=\/wp\/v2\/posts\/45513\/revisions\/45653"}],"wp:attachment":[{"href":"https:\/\/blog.planet-ari-um.de\/index.php?rest_route=%2Fwp%2Fv2%2Fmedia&parent=45513"}],"wp:term":[{"taxonomy":"category","embeddable":true,"href":"https:\/\/blog.planet-ari-um.de\/index.php?rest_route=%2Fwp%2Fv2%2Fcategories&post=45513"},{"taxonomy":"post_tag","embeddable":true,"href":"https:\/\/blog.planet-ari-um.de\/index.php?rest_route=%2Fwp%2Fv2%2Ftags&post=45513"}],"curies":[{"name":"wp","href":"https:\/\/api.w.org\/{rel}","templated":true}]}}