{"id":45393,"date":"2021-08-28T16:12:53","date_gmt":"2021-08-28T14:12:53","guid":{"rendered":"https:\/\/blog.planet-ari-um.de\/?p=45393"},"modified":"2021-08-28T16:12:53","modified_gmt":"2021-08-28T14:12:53","slug":"teil-digital","status":"publish","type":"post","link":"https:\/\/blog.planet-ari-um.de\/?p=45393","title":{"rendered":"teil-digital"},"content":{"rendered":"<p>Ich bin zum Gl\u00fcck nicht mit in Quarant\u00e4ne, da ich, seit wir die Auflage haben, die FFP2-Masken in der Schule zu tragen, diese die ganze Zeit auf hatte&#8230;<\/p>\n<p>Jetzt habe ich also f\u00fcr die n\u00e4chsten zwei Wochen immer mindestens 6 Sch\u00fcler weniger, plus diverse normale Ausf\u00e4lle&#8230;<\/p>\n<p>Man war das leer und ungewohnt am Freitag.<\/p>\n<p>Die Chefin meinte schon so, dass wir dann ja gar nicht richtig weiter machen k\u00f6nnen.<\/p>\n<p>Stimmt, wenn so viele Kinder nicht da sind, kann man schlecht was Neues einf\u00fchren. Aber da wir auch jetzt schlecht 2 Wochen nur auf der Stelle treten k\u00f6nnen, habe ich jetzt \u00fcberlegt, dass man die Kinder, wenn was Neues besprochen wird, digital am Unterricht teilnehmen lassen kann.<\/p>\n<p>Ganz davon abgesehen davon, dass die armen Kinder jetzt 2 Wochen zu Hause weggesperrt sind und so zumindest ein bi\u00dfchen was von ihrer Klasse und dem &#8222;normalen Leben&#8220; mitbekommen w\u00fcrden.<\/p>\n<p>Einige Eltern k\u00f6nnen auch nicht zum Elternsprechtag kommen, so dass ich auch da schon \u00fcberlegt habe, das Ganze teil-digital zu machen. Na mal sehen!<\/p>\n","protected":false},"excerpt":{"rendered":"<p>Ich bin zum Gl\u00fcck nicht mit in Quarant\u00e4ne, da ich, seit wir die Auflage haben, die FFP2-Masken in der Schule zu tragen, diese die ganze Zeit auf hatte&#8230; Jetzt habe&hellip; <\/p>\n","protected":false},"author":2,"featured_media":0,"comment_status":"open","ping_status":"open","sticky":false,"template":"","format":"standard","meta":{"footnotes":""},"categories":[8],"tags":[],"class_list":["post-45393","post","type-post","status-publish","format-standard","hentry","category-schule"],"_links":{"self":[{"href":"https:\/\/blog.planet-ari-um.de\/index.php?rest_route=\/wp\/v2\/posts\/45393","targetHints":{"allow":["GET"]}}],"collection":[{"href":"https:\/\/blog.planet-ari-um.de\/index.php?rest_route=\/wp\/v2\/posts"}],"about":[{"href":"https:\/\/blog.planet-ari-um.de\/index.php?rest_route=\/wp\/v2\/types\/post"}],"author":[{"embeddable":true,"href":"https:\/\/blog.planet-ari-um.de\/index.php?rest_route=\/wp\/v2\/users\/2"}],"replies":[{"embeddable":true,"href":"https:\/\/blog.planet-ari-um.de\/index.php?rest_route=%2Fwp%2Fv2%2Fcomments&post=45393"}],"version-history":[{"count":1,"href":"https:\/\/blog.planet-ari-um.de\/index.php?rest_route=\/wp\/v2\/posts\/45393\/revisions"}],"predecessor-version":[{"id":45394,"href":"https:\/\/blog.planet-ari-um.de\/index.php?rest_route=\/wp\/v2\/posts\/45393\/revisions\/45394"}],"wp:attachment":[{"href":"https:\/\/blog.planet-ari-um.de\/index.php?rest_route=%2Fwp%2Fv2%2Fmedia&parent=45393"}],"wp:term":[{"taxonomy":"category","embeddable":true,"href":"https:\/\/blog.planet-ari-um.de\/index.php?rest_route=%2Fwp%2Fv2%2Fcategories&post=45393"},{"taxonomy":"post_tag","embeddable":true,"href":"https:\/\/blog.planet-ari-um.de\/index.php?rest_route=%2Fwp%2Fv2%2Ftags&post=45393"}],"curies":[{"name":"wp","href":"https:\/\/api.w.org\/{rel}","templated":true}]}}