{"id":45271,"date":"2021-07-06T12:20:24","date_gmt":"2021-07-06T10:20:24","guid":{"rendered":"https:\/\/blog.planet-ari-um.de\/?p=45271"},"modified":"2022-05-18T22:38:46","modified_gmt":"2022-05-18T20:38:46","slug":"eichhoernchen","status":"publish","type":"post","link":"https:\/\/blog.planet-ari-um.de\/?p=45271","title":{"rendered":"Eichh\u00f6rnchen"},"content":{"rendered":"<p>Am Sonntag war bei uns am Haus reges Eichh\u00f6rnchen-Treiben.<\/p>\n<p>Weil irgendwann mal ein Eichh\u00f6rnchen etwas scheu auf die Terrasse gekommen ist und am Arbeitszimmerfenster geguckt hat, haben wir eine Schale mit N\u00fcssen hingestellt.<\/p>\n<p>Die erste Schale ist irgendwann halb umgekippt und hat das kleine Eichh\u00f6rnchen erschreckt. Aber es ist nicht ganz weggelaufen sondern hat sich nur ein wenig in Sicherheit gebracht und beobachtet, ob von dem Dingen Gefahr ausgeht. Schlie\u00dflich kann man eine Nuss doch nicht einfach da lassen&#8230; ;o)<\/p>\n<p>Da ich aber nat\u00fcrlich nicht will, dass die Schale irgendwann mal das Eichh\u00f6rnchen trifft und verletzt, habe ich nach einem Korb geguckt. Wir hatten tats\u00e4chlich noch einen im Keller. Der Korb ist aber um einiges h\u00f6her als die Schale, so dass das Eichh\u00f6rnchen nicht direkt sehen kann, ob etwas darin ist.<\/p>\n<p>Als ich drau\u00dfen auf meinem Stuhl sa\u00df, kam also das Eichh\u00f6rnchen wieder an und lief hin und her und reckte sich, setzte seine Pf\u00f6tchen ans Fensterbrett und kam auch tats\u00e4chlich auf den Lichtschacht hinter mir nur 30 cm entfernt.<\/p>\n<p>Anschlie\u00dfend habe ich eine Nuss oben auf den Rand gelegt.<\/p>\n<p>Seit dem herrscht hier mehr oder weniger reges Treiben. Gestern war anscheinend kein Eichh\u00f6rnchen-Tag denn es war kaum mal eins da.<\/p>\n<p>Irgendwann habe ich mal eine Nuss festgeklemmt, da die letzten N\u00fcsse im Grunde im Vorbeilaufen mitgenommen wurden. Ein wenig d\u00fcrfen die Kleinen schon f\u00fcr die N\u00fcsschen arbeiten.<\/p>\n<p>Heute habe ich wieder eine Nuss festgeklemmt, die andere lag halb unter dem Stein, der den Korb beschwert.<\/p>\n<p>Eichh\u00f6rnchen sind schlau. Es kam nicht an die Nuss dran, so hat es irgendwann die T\u00fcte die unten drin lag, damit die K\u00f6rnchen, die auch im Korb sind, sich nicht \u00fcberall verteilen, einfach nach oben gezerrt!<\/p>\n<p><a href=\"https:\/\/blog.planet-ari-um.de\/wp-content\/uploads\/2021\/07\/eichh1.jpg\"><img loading=\"lazy\" decoding=\"async\" class=\"wp-image-45274 alignleft\" src=\"https:\/\/blog.planet-ari-um.de\/wp-content\/uploads\/2021\/07\/eichh1.jpg\" alt=\"\" width=\"218\" height=\"185\" srcset=\"https:\/\/blog.planet-ari-um.de\/wp-content\/uploads\/2021\/07\/eichh1.jpg 608w, https:\/\/blog.planet-ari-um.de\/wp-content\/uploads\/2021\/07\/eichh1-300x255.jpg 300w\" sizes=\"auto, (max-width: 218px) 100vw, 218px\" \/><\/a><a href=\"https:\/\/blog.planet-ari-um.de\/wp-content\/uploads\/2021\/07\/eichh2.jpg\"><img loading=\"lazy\" decoding=\"async\" class=\"alignleft wp-image-45275\" src=\"https:\/\/blog.planet-ari-um.de\/wp-content\/uploads\/2021\/07\/eichh2.jpg\" alt=\"\" width=\"234\" height=\"186\" srcset=\"https:\/\/blog.planet-ari-um.de\/wp-content\/uploads\/2021\/07\/eichh2.jpg 616w, https:\/\/blog.planet-ari-um.de\/wp-content\/uploads\/2021\/07\/eichh2-300x238.jpg 300w\" sizes=\"auto, (max-width: 234px) 100vw, 234px\" \/><\/a>Wie man an den Bildern sieht, ist das alles noch recht provisorisch und wir nicht wirklich zufrieden damit.<\/p>\n<p>Wenn die Terrasse fertig ist, gibt es einen anderen Futterplatz und auch eine Kamera ohne Scheibe dazwischen&#8230;<\/p>\n","protected":false},"excerpt":{"rendered":"<p>Am Sonntag war bei uns am Haus reges Eichh\u00f6rnchen-Treiben. Weil irgendwann mal ein Eichh\u00f6rnchen etwas scheu auf die Terrasse gekommen ist und am Arbeitszimmerfenster geguckt hat, haben wir eine Schale&hellip; <\/p>\n","protected":false},"author":2,"featured_media":0,"comment_status":"open","ping_status":"open","sticky":false,"template":"","format":"standard","meta":{"footnotes":""},"categories":[89,32],"tags":[],"class_list":["post-45271","post","type-post","status-publish","format-standard","hentry","category-garten","category-tiere"],"_links":{"self":[{"href":"https:\/\/blog.planet-ari-um.de\/index.php?rest_route=\/wp\/v2\/posts\/45271","targetHints":{"allow":["GET"]}}],"collection":[{"href":"https:\/\/blog.planet-ari-um.de\/index.php?rest_route=\/wp\/v2\/posts"}],"about":[{"href":"https:\/\/blog.planet-ari-um.de\/index.php?rest_route=\/wp\/v2\/types\/post"}],"author":[{"embeddable":true,"href":"https:\/\/blog.planet-ari-um.de\/index.php?rest_route=\/wp\/v2\/users\/2"}],"replies":[{"embeddable":true,"href":"https:\/\/blog.planet-ari-um.de\/index.php?rest_route=%2Fwp%2Fv2%2Fcomments&post=45271"}],"version-history":[{"count":5,"href":"https:\/\/blog.planet-ari-um.de\/index.php?rest_route=\/wp\/v2\/posts\/45271\/revisions"}],"predecessor-version":[{"id":45669,"href":"https:\/\/blog.planet-ari-um.de\/index.php?rest_route=\/wp\/v2\/posts\/45271\/revisions\/45669"}],"wp:attachment":[{"href":"https:\/\/blog.planet-ari-um.de\/index.php?rest_route=%2Fwp%2Fv2%2Fmedia&parent=45271"}],"wp:term":[{"taxonomy":"category","embeddable":true,"href":"https:\/\/blog.planet-ari-um.de\/index.php?rest_route=%2Fwp%2Fv2%2Fcategories&post=45271"},{"taxonomy":"post_tag","embeddable":true,"href":"https:\/\/blog.planet-ari-um.de\/index.php?rest_route=%2Fwp%2Fv2%2Ftags&post=45271"}],"curies":[{"name":"wp","href":"https:\/\/api.w.org\/{rel}","templated":true}]}}