{"id":44979,"date":"2021-06-04T19:52:57","date_gmt":"2021-06-04T17:52:57","guid":{"rendered":"https:\/\/blog.planet-ari-um.de\/?p=44979"},"modified":"2021-04-24T22:56:14","modified_gmt":"2021-04-24T20:56:14","slug":"pflanzen-zeit-7","status":"publish","type":"post","link":"https:\/\/blog.planet-ari-um.de\/?p=44979","title":{"rendered":"Pflanzen-Zeit"},"content":{"rendered":"<p>Besonders unser Alpen-Veilchen sah immer recht tr\u00fcbsinnig aus &#8211; in der alten Wohnung hatten wir halt nur zwei Richtungen, was f\u00fcr die meisten Pflanzen nicht gerade vorteilhaft ist.<\/p>\n<p><a href=\"https:\/\/blog.planet-ari-um.de\/wp-content\/uploads\/2021\/04\/veilchal.jpg\"><img loading=\"lazy\" decoding=\"async\" class=\"aligncenter size-full wp-image-44981\" src=\"https:\/\/blog.planet-ari-um.de\/wp-content\/uploads\/2021\/04\/veilchal.jpg\" alt=\"\" width=\"285\" height=\"237\" \/><\/a><\/p>\n<p>Inzwischen ist sie ein biii\u00dfchen gr\u00f6\u00dfer geworden:<\/p>\n<p><a href=\"https:\/\/blog.planet-ari-um.de\/wp-content\/uploads\/2021\/04\/alpv.jpg\"><img loading=\"lazy\" decoding=\"async\" class=\"aligncenter wp-image-44980\" src=\"https:\/\/blog.planet-ari-um.de\/wp-content\/uploads\/2021\/04\/alpv.jpg\" alt=\"\" width=\"300\" height=\"233\" srcset=\"https:\/\/blog.planet-ari-um.de\/wp-content\/uploads\/2021\/04\/alpv.jpg 326w, https:\/\/blog.planet-ari-um.de\/wp-content\/uploads\/2021\/04\/alpv-300x233.jpg 300w\" sizes=\"auto, (max-width: 300px) 100vw, 300px\" \/><\/a><\/p>\n","protected":false},"excerpt":{"rendered":"<p>Besonders unser Alpen-Veilchen sah immer recht tr\u00fcbsinnig aus &#8211; in der alten Wohnung hatten wir halt nur zwei Richtungen, was f\u00fcr die meisten Pflanzen nicht gerade vorteilhaft ist. Inzwischen ist&hellip; <\/p>\n","protected":false},"author":2,"featured_media":0,"comment_status":"open","ping_status":"open","sticky":false,"template":"","format":"standard","meta":{"footnotes":""},"categories":[38],"tags":[],"class_list":["post-44979","post","type-post","status-publish","format-standard","hentry","category-pflanzen"],"_links":{"self":[{"href":"https:\/\/blog.planet-ari-um.de\/index.php?rest_route=\/wp\/v2\/posts\/44979","targetHints":{"allow":["GET"]}}],"collection":[{"href":"https:\/\/blog.planet-ari-um.de\/index.php?rest_route=\/wp\/v2\/posts"}],"about":[{"href":"https:\/\/blog.planet-ari-um.de\/index.php?rest_route=\/wp\/v2\/types\/post"}],"author":[{"embeddable":true,"href":"https:\/\/blog.planet-ari-um.de\/index.php?rest_route=\/wp\/v2\/users\/2"}],"replies":[{"embeddable":true,"href":"https:\/\/blog.planet-ari-um.de\/index.php?rest_route=%2Fwp%2Fv2%2Fcomments&post=44979"}],"version-history":[{"count":4,"href":"https:\/\/blog.planet-ari-um.de\/index.php?rest_route=\/wp\/v2\/posts\/44979\/revisions"}],"predecessor-version":[{"id":44985,"href":"https:\/\/blog.planet-ari-um.de\/index.php?rest_route=\/wp\/v2\/posts\/44979\/revisions\/44985"}],"wp:attachment":[{"href":"https:\/\/blog.planet-ari-um.de\/index.php?rest_route=%2Fwp%2Fv2%2Fmedia&parent=44979"}],"wp:term":[{"taxonomy":"category","embeddable":true,"href":"https:\/\/blog.planet-ari-um.de\/index.php?rest_route=%2Fwp%2Fv2%2Fcategories&post=44979"},{"taxonomy":"post_tag","embeddable":true,"href":"https:\/\/blog.planet-ari-um.de\/index.php?rest_route=%2Fwp%2Fv2%2Ftags&post=44979"}],"curies":[{"name":"wp","href":"https:\/\/api.w.org\/{rel}","templated":true}]}}