{"id":44117,"date":"2020-10-28T16:56:57","date_gmt":"2020-10-28T15:56:57","guid":{"rendered":"https:\/\/blog.planet-ari-um.de\/?p=44117"},"modified":"2021-02-25T18:38:24","modified_gmt":"2021-02-25T17:38:24","slug":"schulalltag-2","status":"publish","type":"post","link":"https:\/\/blog.planet-ari-um.de\/?p=44117","title":{"rendered":"Schulalltag"},"content":{"rendered":"<p>Man merkt so langsam, dass die ganze Situation allen an den Nerven kratzt.<\/p>\n<p>Unterricht macht gerade nur bedingt Spa\u00df!<\/p>\n<p>Ich wei\u00df zwar, dass Andere mit anderen Problemen zur Zeit zu k\u00e4mpfen haben, sei es jetzt wegen des Jobs oder des Finanziellen, aber viele der Dinge, die fr\u00fcher im Schulalltag sch\u00f6n waren, d\u00fcrfen wir jetzt nicht mehr tun.<\/p>\n<p>Bis vor den Ferien hie\u00df es &#8222;Sport auf dem Schulhof&#8220;! Ja, tolle Wurst! Wir haben zwar einen gro\u00dfen Schulhof, so dass man wenigenstens nicht voller Panik auf die Uhr gucken muss, um ja vor allen, die dann in die Pause kommen, wieder im Geb\u00e4ude verschwunden sein zu m\u00fcssen, um sich nicht zu begegnen. Aber Sport auf einer gepflasterten Fl\u00e4che ist halt mega charmant! Gerade kleine Kinder &#8211; mittlerweile allerdings leider auch Kinder bis in die vierten Klassen &#8211; fallen gerne mal einfach so \u00fcber ihre F\u00fc\u00dfe! Was in der Halle \u00e4rgerlich ist, kann drau\u00dfen unter Umst\u00e4nden \u00fcbel ausgehen&#8230;<\/p>\n<p>Trotz also des gro\u00dfen Schulhofs kann man nicht mehr spontan mal rausgehen, wenn das Wetter sich anbietet oder die Kleinen einfach durch sind und ein wenig Bewegung brauchen.<\/p>\n<p>Vorher konnten die Kinder an Freiarbeitsmatierien wie L\u00fck, diversen Spielen oder so spielen&#8230;. Einige Kollegen machen es zwar immer noch &#8211; was ich aber nicht gerade sinnvoll finde.<\/p>\n<p>Obwohl mittlerweile hinterfrage ich eigentlich nichts mehr:<\/p>\n<p>Wir haben jetzt die Auflage auch nicht mehr innerhalb eines Jahrgangs zu mischen, so dass alle AGs bis auf weiteres abgesagt sind, Religion sowie T\u00fcrkisch nur noch in den Klassen stattfindet und DaZ-Unterricht gar nicht mehr.<\/p>\n<p>Daf\u00fcr darf in der OGS noch fr\u00f6hlich gemischt werden, bzw. muss dort gemischt werden, weil einfach nicht genug Personal da ist um alle Gruppen zu betreuen!<\/p>\n<p>&nbsp;<\/p>\n<p>Gestern kam ein Kind in der Pause zu mir &#8211; auf den 1. Kl\u00e4ssler-Schulhof &#8211; guckte mich vollkommen verwirrt an, und fragte &#8222;Wo ist denn meine Klasse?&#8220; Tja, die waren nat\u00fcrlich auf dem 3. Kl\u00e4ssler-Schulhof&#8230;<\/p>\n","protected":false},"excerpt":{"rendered":"<p>Man merkt so langsam, dass die ganze Situation allen an den Nerven kratzt. Unterricht macht gerade nur bedingt Spa\u00df! Ich wei\u00df zwar, dass Andere mit anderen Problemen zur Zeit zu&hellip; <\/p>\n","protected":false},"author":2,"featured_media":0,"comment_status":"open","ping_status":"open","sticky":false,"template":"","format":"standard","meta":{"footnotes":""},"categories":[8],"tags":[],"class_list":["post-44117","post","type-post","status-publish","format-standard","hentry","category-schule"],"_links":{"self":[{"href":"https:\/\/blog.planet-ari-um.de\/index.php?rest_route=\/wp\/v2\/posts\/44117","targetHints":{"allow":["GET"]}}],"collection":[{"href":"https:\/\/blog.planet-ari-um.de\/index.php?rest_route=\/wp\/v2\/posts"}],"about":[{"href":"https:\/\/blog.planet-ari-um.de\/index.php?rest_route=\/wp\/v2\/types\/post"}],"author":[{"embeddable":true,"href":"https:\/\/blog.planet-ari-um.de\/index.php?rest_route=\/wp\/v2\/users\/2"}],"replies":[{"embeddable":true,"href":"https:\/\/blog.planet-ari-um.de\/index.php?rest_route=%2Fwp%2Fv2%2Fcomments&post=44117"}],"version-history":[{"count":3,"href":"https:\/\/blog.planet-ari-um.de\/index.php?rest_route=\/wp\/v2\/posts\/44117\/revisions"}],"predecessor-version":[{"id":44696,"href":"https:\/\/blog.planet-ari-um.de\/index.php?rest_route=\/wp\/v2\/posts\/44117\/revisions\/44696"}],"wp:attachment":[{"href":"https:\/\/blog.planet-ari-um.de\/index.php?rest_route=%2Fwp%2Fv2%2Fmedia&parent=44117"}],"wp:term":[{"taxonomy":"category","embeddable":true,"href":"https:\/\/blog.planet-ari-um.de\/index.php?rest_route=%2Fwp%2Fv2%2Fcategories&post=44117"},{"taxonomy":"post_tag","embeddable":true,"href":"https:\/\/blog.planet-ari-um.de\/index.php?rest_route=%2Fwp%2Fv2%2Ftags&post=44117"}],"curies":[{"name":"wp","href":"https:\/\/api.w.org\/{rel}","templated":true}]}}