{"id":40603,"date":"2019-07-09T19:45:47","date_gmt":"2019-07-09T17:45:47","guid":{"rendered":"https:\/\/blog.planet-ari-um.de\/?p=40603"},"modified":"2019-07-09T19:45:47","modified_gmt":"2019-07-09T17:45:47","slug":"geweckt-mit","status":"publish","type":"post","link":"https:\/\/blog.planet-ari-um.de\/?p=40603","title":{"rendered":"Geweckt mit&#8230;"},"content":{"rendered":"<p>Manchmal fraaage ich mich &#8211; nicht nur in der Schule &#8211; wo wir eigentlich leben&#8230;<\/p>\n<p><a href=\"https:\/\/www.welt.de\/vermischtes\/article196503769\/Muelheim-an-der-Ruhr-Frau-vergewaltigt-14-Jaehriger-in-Haft-genommen.html\" target=\"_blank\" rel=\"noopener noreferrer\"><img loading=\"lazy\" decoding=\"async\" class=\"aligncenter wp-image-22884\" src=\"https:\/\/blog.planet-ari-um.de\/wp-content\/uploads\/2014\/03\/Link.jpg\" alt=\"\" width=\"179\" height=\"124\" \/><\/a>Da wird eine Frau von 14- und 12j\u00e4hrigen vergewaltigt und die beiden j\u00fcngeren Schei\u00dfer k\u00f6nnen sich mit Strafunm\u00fcndigkeit rauswinden&#8230;<\/p>\n<p>Geht&#8217;s noch?<\/p>\n<blockquote><p>Nach dem Strafgesetzbuch sind Kinder, die noch keine 14 Jahre alt sind, schuldunf\u00e4hig &#8211; und k\u00f6nnen daher nicht bestraft werden.<\/p>\n<p>Hintergrund dieser Regel ist, dass Kinder in diesem Alter noch nicht die Reife besitzen, um f\u00fcr das Unrecht einer strafbaren Handlung einstehen zu k\u00f6nnen.<\/p><\/blockquote>\n<p>Dass Kinder in dem Alter noch nicht unbedingt immer die Konsequenzen ihrer Handlungen absehen k\u00f6nnen, kann ich durchaus verstehen. Es kann mir aber keiner erz\u00e4hlen, dass &#8222;UuuPS vergewaltigt&#8220;, einfach so schwuppsdiwupps passiert. Ich meine, da geh\u00f6ren ja nun ein paar Handlungen dazu, die ein gewisses Planen oder nennen wir es Absicht voraussetzen.<\/p>\n<p>Wenn jemand in einem Gesch\u00e4ft etwas mitgehen l\u00e4sst, ist das &#8222;UuuPS passiert&#8220;. Aber das ist mit einer Vergewaltigung nun wirklich in keiner Weise vergleichbar!<\/p>\n<p>In finde, in solchen F\u00e4llen sollte da wirklich eine Ausnahme von der Strafm\u00fcndigkeit greifen!<\/p>\n<p>Oder die Tat zumindest in den Akten festgehalten werden, dass derjenige, wenn er als Erwachsener noch mal eine Vergewaltigung begeht, das dann nicht als Ersttat gewertet wird&#8230;<\/p>\n","protected":false},"excerpt":{"rendered":"<p>Manchmal fraaage ich mich &#8211; nicht nur in der Schule &#8211; wo wir eigentlich leben&#8230; Da wird eine Frau von 14- und 12j\u00e4hrigen vergewaltigt und die beiden j\u00fcngeren Schei\u00dfer k\u00f6nnen&hellip; <\/p>\n","protected":false},"author":2,"featured_media":0,"comment_status":"open","ping_status":"open","sticky":false,"template":"","format":"standard","meta":{"footnotes":""},"categories":[23,11],"tags":[],"class_list":["post-40603","post","type-post","status-publish","format-standard","hentry","category-geargert","category-zum-nachdenken"],"_links":{"self":[{"href":"https:\/\/blog.planet-ari-um.de\/index.php?rest_route=\/wp\/v2\/posts\/40603","targetHints":{"allow":["GET"]}}],"collection":[{"href":"https:\/\/blog.planet-ari-um.de\/index.php?rest_route=\/wp\/v2\/posts"}],"about":[{"href":"https:\/\/blog.planet-ari-um.de\/index.php?rest_route=\/wp\/v2\/types\/post"}],"author":[{"embeddable":true,"href":"https:\/\/blog.planet-ari-um.de\/index.php?rest_route=\/wp\/v2\/users\/2"}],"replies":[{"embeddable":true,"href":"https:\/\/blog.planet-ari-um.de\/index.php?rest_route=%2Fwp%2Fv2%2Fcomments&post=40603"}],"version-history":[{"count":2,"href":"https:\/\/blog.planet-ari-um.de\/index.php?rest_route=\/wp\/v2\/posts\/40603\/revisions"}],"predecessor-version":[{"id":40605,"href":"https:\/\/blog.planet-ari-um.de\/index.php?rest_route=\/wp\/v2\/posts\/40603\/revisions\/40605"}],"wp:attachment":[{"href":"https:\/\/blog.planet-ari-um.de\/index.php?rest_route=%2Fwp%2Fv2%2Fmedia&parent=40603"}],"wp:term":[{"taxonomy":"category","embeddable":true,"href":"https:\/\/blog.planet-ari-um.de\/index.php?rest_route=%2Fwp%2Fv2%2Fcategories&post=40603"},{"taxonomy":"post_tag","embeddable":true,"href":"https:\/\/blog.planet-ari-um.de\/index.php?rest_route=%2Fwp%2Fv2%2Ftags&post=40603"}],"curies":[{"name":"wp","href":"https:\/\/api.w.org\/{rel}","templated":true}]}}