{"id":40450,"date":"2019-06-05T22:33:01","date_gmt":"2019-06-05T20:33:01","guid":{"rendered":"https:\/\/blog.planet-ari-um.de\/?p=40450"},"modified":"2022-05-18T22:45:09","modified_gmt":"2022-05-18T20:45:09","slug":"draussen","status":"publish","type":"post","link":"https:\/\/blog.planet-ari-um.de\/?p=40450","title":{"rendered":"drau\u00dfen"},"content":{"rendered":"<p>Was ich schon in unserer Wohnung immer nicht verstanden habe, habe ich heute auch hier wieder festgestellt.<\/p>\n<p>Gut, ich kann es verstehen, wenn die Leute keine Lust haben, bei br\u00fcllender Hitze drau\u00dfen zu sitzen. Das mag ich auch nicht. Da verkrieche ich mich auch lieber nach drinnen, wo es meist immerhin noch ein wenig k\u00fchler ist &#8211; mit Vorliebe jetzt auch ab und zu mal in unseren Keller&#8230; ;o)<\/p>\n<p>Abends aber ist es wundersch\u00f6ne Luft drau\u00dfen. Gerade auch hier &#8211; in unserer Oase &#8211; ist es auch noch ruhig, so dass man wirklich super drau\u00dfen sitzen und es genie\u00dfen <em>kann<\/em>!<\/p>\n<p>Aber es sitzt niemand drau\u00dfen! Bei der Neubau-H\u00e4lfte &#8211; also dem s\u00fcdlichen Teil der Stra\u00dfe hier &#8211; stehen die H\u00e4user alle in einem ganz leichten Bogen. Da es im Moment noch keine Hecken sondern nur auf dem Gel\u00e4nde verteilte Erdh\u00fcgel gibt, kann man von uns aus alle bestehenden Neubauten und die Terrassen einsehen. Aber es sitzt niiieeemand drau\u00dfen!<\/p>\n<p>Gut, es ist &#8211; auch bei uns &#8211; noch nicht wirklich gem\u00fctlich, aber trotzdem kann man doch das Wetter genie\u00dfen!<\/p>\n<p>So was werde ich wohl nie verstehen!<\/p>\n","protected":false},"excerpt":{"rendered":"<p>Was ich schon in unserer Wohnung immer nicht verstanden habe, habe ich heute auch hier wieder festgestellt. Gut, ich kann es verstehen, wenn die Leute keine Lust haben, bei br\u00fcllender&hellip; <\/p>\n","protected":false},"author":2,"featured_media":0,"comment_status":"open","ping_status":"open","sticky":false,"template":"","format":"standard","meta":{"footnotes":""},"categories":[89],"tags":[],"class_list":["post-40450","post","type-post","status-publish","format-standard","hentry","category-garten"],"_links":{"self":[{"href":"https:\/\/blog.planet-ari-um.de\/index.php?rest_route=\/wp\/v2\/posts\/40450","targetHints":{"allow":["GET"]}}],"collection":[{"href":"https:\/\/blog.planet-ari-um.de\/index.php?rest_route=\/wp\/v2\/posts"}],"about":[{"href":"https:\/\/blog.planet-ari-um.de\/index.php?rest_route=\/wp\/v2\/types\/post"}],"author":[{"embeddable":true,"href":"https:\/\/blog.planet-ari-um.de\/index.php?rest_route=\/wp\/v2\/users\/2"}],"replies":[{"embeddable":true,"href":"https:\/\/blog.planet-ari-um.de\/index.php?rest_route=%2Fwp%2Fv2%2Fcomments&post=40450"}],"version-history":[{"count":3,"href":"https:\/\/blog.planet-ari-um.de\/index.php?rest_route=\/wp\/v2\/posts\/40450\/revisions"}],"predecessor-version":[{"id":45847,"href":"https:\/\/blog.planet-ari-um.de\/index.php?rest_route=\/wp\/v2\/posts\/40450\/revisions\/45847"}],"wp:attachment":[{"href":"https:\/\/blog.planet-ari-um.de\/index.php?rest_route=%2Fwp%2Fv2%2Fmedia&parent=40450"}],"wp:term":[{"taxonomy":"category","embeddable":true,"href":"https:\/\/blog.planet-ari-um.de\/index.php?rest_route=%2Fwp%2Fv2%2Fcategories&post=40450"},{"taxonomy":"post_tag","embeddable":true,"href":"https:\/\/blog.planet-ari-um.de\/index.php?rest_route=%2Fwp%2Fv2%2Ftags&post=40450"}],"curies":[{"name":"wp","href":"https:\/\/api.w.org\/{rel}","templated":true}]}}