{"id":38404,"date":"2019-01-11T16:25:42","date_gmt":"2019-01-11T15:25:42","guid":{"rendered":"https:\/\/blog.planet-ari-um.de\/?p=38404"},"modified":"2020-05-07T19:20:55","modified_gmt":"2020-05-07T17:20:55","slug":"fast-kueche","status":"publish","type":"post","link":"https:\/\/blog.planet-ari-um.de\/?p=38404","title":{"rendered":"fast K\u00fcche"},"content":{"rendered":"\r\n<p>Jetzt ist es fast geschafft, dass unsere K\u00fcche richtig und sch\u00f6n ist. War alles nicht so einfach&#8230;<\/p>\r\n\r\n\r\n\r\n<p>Im Vorfeld hatte ich ja jede Menge \u00fcber die Planung unserer K\u00fcche berichtet. Dann noch, dass sie in einer Woche kommt und dann nichts mehr.<\/p>\r\n\r\n\r\n\r\n<p>Das hing damit zusammen, dass ich erst mal regelrecht geschockt war, als ich unsere K\u00fcche das erste Mal eingebaut gesehen habe.<\/p>\r\n\r\n\r\n\r\n<p>Von dem Frontenmuster, was ich mir angesehen hatte und von der Visualisierung im K\u00fcchenstudio hat mein Kopf etwas vollkommen anderes erwartet.<\/p>\r\n\r\n\r\n\r\n<p>Das Frontenmuster hatte einen warmen Holzton mit einigen ganz vereinzelten dunklen Holzmaserungen. In der realen K\u00fcche waren viel mehr dunkle Stellen und auch der Holzton sah anders aus&#8230;<\/p>\r\n\r\n\r\n\r\n<p>Da musste ich mich wirklich erst mal dran gew\u00f6hnen.<\/p>\r\n\r\n\r\n\r\n<p>Der n\u00e4chste D\u00e4mpfer war, dass die K\u00fcchenleute sich irgendwie vermessen hatten, so dass unser super eingepasster Eckschrank mit dem Griff immer gegen die Wand geknallt w\u00e4re&#8230;<\/p>\r\n\r\n\r\n\r\n<p>Gestern ist nun endlich die neu ausgemessene Arbeitsplatte gekommen. So hie\u00df es Mittwoch Abend einen Teil der K\u00fcche wieder ausr\u00e4umen&#8230;<\/p>\r\n\r\n\r\n\r\n<p>Leider war auf der Platte der Theke eine Macke, so dass die Monteure noch mal mit einer neuen Platte kommen m\u00fcssen.<\/p>\r\n\r\n\r\n\r\n<p>Obwohl die Platte falsch ausgemessen war und obwohl jetzt immer noch nicht alles ok ist, fand ich den Service hier wesentlich angenehmer als bei dem d\u00e4mlichen Teppich-Futzi. Da hat sich keiner angestellt und gesagt, dass das nicht geht oder haben uns popelige 50 \u20ac als Entsch\u00e4digung angeboten. Und auch bei der Macke haben sie direkt von sich aus gesagt, dass das nicht so bleiben kann, obwohl die Macke nicht wirklich ins Auge sticht&#8230;<\/p>\r\n\r\n\r\n\r\n<p>Lange Rede kurzer Sinn: ich habe mich inzwischen an unsere kleine s\u00fc\u00dfe K\u00fcche gew\u00f6hnt und m\u00f6chte \u00fcberhaupt keine andere mehr haben!<\/p>\r\n","protected":false},"excerpt":{"rendered":"<p>Jetzt ist es fast geschafft, dass unsere K\u00fcche richtig und sch\u00f6n ist. War alles nicht so einfach&#8230; Im Vorfeld hatte ich ja jede Menge \u00fcber die Planung unserer K\u00fcche berichtet.&hellip; <\/p>\n","protected":false},"author":2,"featured_media":0,"comment_status":"open","ping_status":"open","sticky":false,"template":"","format":"standard","meta":{"footnotes":""},"categories":[22],"tags":[],"class_list":["post-38404","post","type-post","status-publish","format-standard","hentry","category-haus"],"_links":{"self":[{"href":"https:\/\/blog.planet-ari-um.de\/index.php?rest_route=\/wp\/v2\/posts\/38404","targetHints":{"allow":["GET"]}}],"collection":[{"href":"https:\/\/blog.planet-ari-um.de\/index.php?rest_route=\/wp\/v2\/posts"}],"about":[{"href":"https:\/\/blog.planet-ari-um.de\/index.php?rest_route=\/wp\/v2\/types\/post"}],"author":[{"embeddable":true,"href":"https:\/\/blog.planet-ari-um.de\/index.php?rest_route=\/wp\/v2\/users\/2"}],"replies":[{"embeddable":true,"href":"https:\/\/blog.planet-ari-um.de\/index.php?rest_route=%2Fwp%2Fv2%2Fcomments&post=38404"}],"version-history":[{"count":5,"href":"https:\/\/blog.planet-ari-um.de\/index.php?rest_route=\/wp\/v2\/posts\/38404\/revisions"}],"predecessor-version":[{"id":42570,"href":"https:\/\/blog.planet-ari-um.de\/index.php?rest_route=\/wp\/v2\/posts\/38404\/revisions\/42570"}],"wp:attachment":[{"href":"https:\/\/blog.planet-ari-um.de\/index.php?rest_route=%2Fwp%2Fv2%2Fmedia&parent=38404"}],"wp:term":[{"taxonomy":"category","embeddable":true,"href":"https:\/\/blog.planet-ari-um.de\/index.php?rest_route=%2Fwp%2Fv2%2Fcategories&post=38404"},{"taxonomy":"post_tag","embeddable":true,"href":"https:\/\/blog.planet-ari-um.de\/index.php?rest_route=%2Fwp%2Fv2%2Ftags&post=38404"}],"curies":[{"name":"wp","href":"https:\/\/api.w.org\/{rel}","templated":true}]}}