{"id":37826,"date":"2019-10-20T16:05:03","date_gmt":"2019-10-20T14:05:03","guid":{"rendered":"https:\/\/blog.planet-ari-um.de\/?p=37826"},"modified":"2022-01-04T19:26:49","modified_gmt":"2022-01-04T18:26:49","slug":"fuji","status":"publish","type":"post","link":"https:\/\/blog.planet-ari-um.de\/?p=37826","title":{"rendered":"Fuji"},"content":{"rendered":"<p><em>Aus Reisef\u00fchrer und Co.:<\/em><\/p>\n<p>Der <strong>Fuji<\/strong> ist ein\u00a03776,24 m hoher Stratovulkan\u00a0und gleichzeitig\u00a0der h\u00f6chste\u00a0Berg<br \/>\nJapans. Sein Gipfel befindet sich auf der japanischen Hauptinsel\u00a0Honsh\u016b,\u00a0zwischen der\u00a0Eurasischen, der\u00a0Pazifischen und der\u00a0Philippinenplatte des\u00a0pazifischen Feuerrings. Er wird als aktiv aber mit geringem Ausbruchsrisiko eingestuft. Seit 2013 ist er Teil des\u00a0Weltkulturerbes.<\/p>\n<p>Das <strong>F\u00fcnf-Seen-Gebiet<\/strong> befindet sich n\u00f6rdlich des Vulkans. Die Wahrscheinlichkeit, den Berg in seiner vollen Pracht zu sehen, ist aus diesem Blickwinkel am Gr\u00f6\u00dften.<\/p>\n<p><img loading=\"lazy\" decoding=\"async\" class=\"aligncenter wp-image-22299\" src=\"https:\/\/blog.planet-ari-um.de\/wp-content\/uploads\/2014\/03\/ornam.jpg\" alt=\"\" width=\"89\" height=\"49\" \/><\/p>\n<p><em>20. Oktober:<\/em><\/p>\n<p>Eigentlich sollte heute das Gep\u00e4ck mit einem Bus (?) nach Tokio gebracht werden w\u00e4hrend wir mit kleinem Gep\u00e4ck in einem traditionellen japanischen Hotel \u00fcbernachten. Aber da in Tokio 1. Immer noch ein wenig Chaos wegen dem Tarifun herrscht und 2. Feierlichkeiten wegen der Kr\u00f6nung des Kaisers anstehen und somit Teile der Stadt gesperrt sind und evtl. das Gep\u00e4ck nicht bis \u00fcbermorgen am Hotel w\u00e4re, hat unsere Reiseleiterin beschlossen, dass wir ganz abenteuerlich in einem kleinen Bus das Gep\u00e4ck mit zum Bahnhof nehmen.<\/p>\n<div>Da unsere Gruppe etwas chaotisch ist und viele wie die Kinder einfach nicht zuh\u00f6ren wenn was gesagt wird, war das schon spa\u00dfig. Aber wir sind doch tats\u00e4chlich alle mit dem gesamten Gep\u00e4ck am Gleis angekommen und in den richtigen Zug gefallen&#8230;<\/div>\n<div><\/div>\n<div>In der N\u00e4he von Mount Fuji wurden wir zum Gl\u00fcck mit einem gro\u00dfen Bus eingesammelt, dass diverse Leute auch alle am Fenster sitzen k\u00f6nnen.<\/div>\n<p>&nbsp;<\/p>\n<div>Am ersten See im F\u00fcnf-Seen-Gebiet hatten wir einen mal mehr mal weniger guten Blick auf den Berg. Die hatten das Gel\u00e4nde ganz cool angelegt, so dass man sich in diversen Kulissen vor dem Mount Fuji fotografieren konnte.<\/div>\n<div><\/div>\n<p>&nbsp;<\/p>\n<div><a href=\"https:\/\/blog.planet-ari-um.de\/wp-content\/uploads\/2019\/10\/IMG_4645b.jpg\"><img loading=\"lazy\" decoding=\"async\" class=\"aligncenter wp-image-41182\" src=\"https:\/\/blog.planet-ari-um.de\/wp-content\/uploads\/2019\/10\/IMG_4645b.jpg\" alt=\"\" width=\"431\" height=\"287\" srcset=\"https:\/\/blog.planet-ari-um.de\/wp-content\/uploads\/2019\/10\/IMG_4645b.jpg 711w, https:\/\/blog.planet-ari-um.de\/wp-content\/uploads\/2019\/10\/IMG_4645b-300x200.jpg 300w\" sizes=\"auto, (max-width: 431px) 100vw, 431px\" \/><\/a><\/div>\n<div><\/div>\n<div><a href=\"https:\/\/blog.planet-ari-um.de\/wp-content\/uploads\/2019\/10\/IMG_4660b.jpg\"><img loading=\"lazy\" decoding=\"async\" class=\"aligncenter wp-image-41183\" src=\"https:\/\/blog.planet-ari-um.de\/wp-content\/uploads\/2019\/10\/IMG_4660b.jpg\" alt=\"\" width=\"286\" height=\"429\" srcset=\"https:\/\/blog.planet-ari-um.de\/wp-content\/uploads\/2019\/10\/IMG_4660b.jpg 474w, https:\/\/blog.planet-ari-um.de\/wp-content\/uploads\/2019\/10\/IMG_4660b-200x300.jpg 200w\" sizes=\"auto, (max-width: 286px) 100vw, 286px\" \/><\/a><\/div>\n<div><\/div>\n<div>\n<p>Au\u00dferdem flog dort ein ganz s\u00fc\u00dfer kleiner Flattermann von Bl\u00fcte zu Bl\u00fcte. Leider hielt das Tierchen zum fotografieren nicht wirklich still. Ich hoffe, es ist wenigstens ein Foto scharf geworden.<\/p>\n<div><a href=\"https:\/\/blog.planet-ari-um.de\/wp-content\/uploads\/2019\/10\/IMG_4707b.jpg\"><img loading=\"lazy\" decoding=\"async\" class=\"aligncenter wp-image-41184\" src=\"https:\/\/blog.planet-ari-um.de\/wp-content\/uploads\/2019\/10\/IMG_4707b.jpg\" alt=\"\" width=\"309\" height=\"206\" srcset=\"https:\/\/blog.planet-ari-um.de\/wp-content\/uploads\/2019\/10\/IMG_4707b.jpg 711w, https:\/\/blog.planet-ari-um.de\/wp-content\/uploads\/2019\/10\/IMG_4707b-300x200.jpg 300w\" sizes=\"auto, (max-width: 309px) 100vw, 309px\" \/><\/a><\/div>\n<div><\/div>\n<div>Unser <a href=\"https:\/\/www.booking.com\/hotel\/jp\/mifuji.de.html\" target=\"_blank\" rel=\"noopener\">Ryokan<\/a> war ganz typisch japanisch. Auf den Tatami-Matten im Zimmer waren schon die Futons zum Schlafen bereitet.<\/div>\n<p>&nbsp;<\/p>\n<div><a href=\"https:\/\/blog.planet-ari-um.de\/wp-content\/uploads\/2019\/10\/IMG_4799a.jpg\"><img loading=\"lazy\" decoding=\"async\" class=\"aligncenter wp-image-41206\" src=\"https:\/\/blog.planet-ari-um.de\/wp-content\/uploads\/2019\/10\/IMG_4799a.jpg\" alt=\"\" width=\"317\" height=\"211\" srcset=\"https:\/\/blog.planet-ari-um.de\/wp-content\/uploads\/2019\/10\/IMG_4799a.jpg 569w, https:\/\/blog.planet-ari-um.de\/wp-content\/uploads\/2019\/10\/IMG_4799a-300x200.jpg 300w\" sizes=\"auto, (max-width: 317px) 100vw, 317px\" \/><\/a><\/div>\n<div>Im Erdgeschoss gab es auch einen Onsen. Das sind nat\u00fcrliche hei\u00dfe Quellen. Ein Bereich ist f\u00fcr die Frauen, einer f\u00fcr die M\u00e4nner. Ganz wichtig ist, dass man auf die Farbe der Vorh\u00e4nge achtet. Da nur ein Badebereich zus\u00e4tzlich noch einen Au\u00dfenbereich hat, werden die Bereich gerne getauscht, damit jeder in den Genuss des Au\u00dfenbeckens kommt!<\/div>\n<p>&nbsp;<\/p>\n<div>In einem Ryokan ist es \u00fcblich, dass die G\u00e4ste den Yukata, dem Hauskimono, tragen. Das ist schon ein wenig ungewohnt. Der Kimono besteht nur aus relativ d\u00fcnnem Leinen. So ist es dadurch, dass es in einem klassischen Ryokan auch keine Heizung gibt, schon etwas frisch.<\/div>\n<p><a href=\"https:\/\/blog.planet-ari-um.de\/wp-content\/uploads\/2019\/10\/IMG_4803a.jpg\"><img loading=\"lazy\" decoding=\"async\" class=\"wp-image-41205 aligncenter\" src=\"https:\/\/blog.planet-ari-um.de\/wp-content\/uploads\/2019\/10\/IMG_4803a.jpg\" alt=\"\" width=\"198\" height=\"298\" srcset=\"https:\/\/blog.planet-ari-um.de\/wp-content\/uploads\/2019\/10\/IMG_4803a.jpg 272w, https:\/\/blog.planet-ari-um.de\/wp-content\/uploads\/2019\/10\/IMG_4803a-199x300.jpg 199w\" sizes=\"auto, (max-width: 198px) 100vw, 198px\" \/><\/a><\/p>\n<\/div>\n","protected":false},"excerpt":{"rendered":"<p>Aus Reisef\u00fchrer und Co.: Der Fuji ist ein\u00a03776,24 m hoher Stratovulkan\u00a0und gleichzeitig\u00a0der h\u00f6chste\u00a0Berg Japans. Sein Gipfel befindet sich auf der japanischen Hauptinsel\u00a0Honsh\u016b,\u00a0zwischen der\u00a0Eurasischen, der\u00a0Pazifischen und der\u00a0Philippinenplatte des\u00a0pazifischen Feuerrings. Er wird&hellip; <\/p>\n","protected":false},"author":2,"featured_media":0,"comment_status":"open","ping_status":"open","sticky":false,"template":"","format":"standard","meta":{"footnotes":""},"categories":[18,12],"tags":[87],"class_list":["post-37826","post","type-post","status-publish","format-standard","hentry","category-fotografie","category-urlaub","tag-japan"],"_links":{"self":[{"href":"https:\/\/blog.planet-ari-um.de\/index.php?rest_route=\/wp\/v2\/posts\/37826","targetHints":{"allow":["GET"]}}],"collection":[{"href":"https:\/\/blog.planet-ari-um.de\/index.php?rest_route=\/wp\/v2\/posts"}],"about":[{"href":"https:\/\/blog.planet-ari-um.de\/index.php?rest_route=\/wp\/v2\/types\/post"}],"author":[{"embeddable":true,"href":"https:\/\/blog.planet-ari-um.de\/index.php?rest_route=\/wp\/v2\/users\/2"}],"replies":[{"embeddable":true,"href":"https:\/\/blog.planet-ari-um.de\/index.php?rest_route=%2Fwp%2Fv2%2Fcomments&post=37826"}],"version-history":[{"count":19,"href":"https:\/\/blog.planet-ari-um.de\/index.php?rest_route=\/wp\/v2\/posts\/37826\/revisions"}],"predecessor-version":[{"id":45772,"href":"https:\/\/blog.planet-ari-um.de\/index.php?rest_route=\/wp\/v2\/posts\/37826\/revisions\/45772"}],"wp:attachment":[{"href":"https:\/\/blog.planet-ari-um.de\/index.php?rest_route=%2Fwp%2Fv2%2Fmedia&parent=37826"}],"wp:term":[{"taxonomy":"category","embeddable":true,"href":"https:\/\/blog.planet-ari-um.de\/index.php?rest_route=%2Fwp%2Fv2%2Fcategories&post=37826"},{"taxonomy":"post_tag","embeddable":true,"href":"https:\/\/blog.planet-ari-um.de\/index.php?rest_route=%2Fwp%2Fv2%2Ftags&post=37826"}],"curies":[{"name":"wp","href":"https:\/\/api.w.org\/{rel}","templated":true}]}}