{"id":37572,"date":"2018-05-23T15:01:18","date_gmt":"2018-05-23T13:01:18","guid":{"rendered":"https:\/\/blog.planet-ari-um.de\/?p=37572"},"modified":"2018-06-11T17:22:49","modified_gmt":"2018-06-11T15:22:49","slug":"telefondienst","status":"publish","type":"post","link":"https:\/\/blog.planet-ari-um.de\/?p=37572","title":{"rendered":"Telefondienst"},"content":{"rendered":"<p>Ich hatte eine Frage, welche wei\u00df ich inzwischen schon gar nicht mehr, weil die tolle Ansage auf dem AB unseres Bauleiters ein riesengroo\u00dfes genervtes Fragezeichen in mein Hirn zauberte: &#8222;Ich bin im Urlaub, bei Fragen rufen Sie doch meine Vertretung an!&#8220;<\/p>\n<p>Jaaa, Klasse! Das muss man nicht vorher mal irgendwie mitteilen. Klar, er will auch Urlaub machen und falls er schulpflichtige Kinder oder ne Lehrerin zu Hause hat, ist er nun mal auf die Ferien angewiesen, aber es w\u00e4re schon sch\u00f6n gewesen, es zu wissen, dann h\u00e4tten wir n\u00e4mlich vorher gefragt&#8230;<\/p>\n<p>Wie dem auch sei, war die Vertretung sehr freundlich und hat sich ausf\u00fchrlich mit allem auseinander gesetzt was ich gefragt habe, wo ich schon mal jemanden an der Leitung hatte&#8230;<\/p>\n<p>Wir k\u00f6nnten dann jetzt die Malerarbeiten machen!<\/p>\n<p>H\u00e4?<\/p>\n<p>Unser Bauleiter hat mal so eingetragen, dass wir, wenn die Q2-Spachtelarbeiten abgeschlossen sind, die Malerarbeiten machen k\u00f6nnen. Ja, das k\u00f6nnten wir, h\u00e4tten wir das auch mal gewusst, dass wir uns entsprechend h\u00e4tten vorbereiten k\u00f6nnen!<\/p>\n<p>Jetzt tue ich also die letzten zwei Tage nichts anderes als hinter Malern herzutelefonieren, die uns das Ganze noch etwas besser spachteln. Gut, in den Wohnr\u00e4umen k\u00f6\u00f6\u00f6nnten wir das auch tun, aber das Treppenhaus w\u00e4re doch etwas halsbrecherischer&#8230;<\/p>\n<p>Heute hatte ich endlich Gl\u00fcck, dass einer direkt Zeit hatte und sich mit mir mal an unserem Haus getroffen hat. Er meinte, er h\u00e4tte schon wesentlich schlimmeres gesehen und das w\u00e4re deutlich besser als Q2 verspachtelt. Na, wenigstens etwas!<\/p>\n<p>Bin ja mal gespannt, ob sich noch ein anderer der zig Maler mal zur\u00fcckmeldet&#8230;<\/p>\n","protected":false},"excerpt":{"rendered":"<p>Ich hatte eine Frage, welche wei\u00df ich inzwischen schon gar nicht mehr, weil die tolle Ansage auf dem AB unseres Bauleiters ein riesengroo\u00dfes genervtes Fragezeichen in mein Hirn zauberte: &#8222;Ich&hellip; <\/p>\n","protected":false},"author":2,"featured_media":0,"comment_status":"open","ping_status":"open","sticky":false,"template":"","format":"standard","meta":{"footnotes":""},"categories":[22],"tags":[],"class_list":["post-37572","post","type-post","status-publish","format-standard","hentry","category-haus"],"_links":{"self":[{"href":"https:\/\/blog.planet-ari-um.de\/index.php?rest_route=\/wp\/v2\/posts\/37572","targetHints":{"allow":["GET"]}}],"collection":[{"href":"https:\/\/blog.planet-ari-um.de\/index.php?rest_route=\/wp\/v2\/posts"}],"about":[{"href":"https:\/\/blog.planet-ari-um.de\/index.php?rest_route=\/wp\/v2\/types\/post"}],"author":[{"embeddable":true,"href":"https:\/\/blog.planet-ari-um.de\/index.php?rest_route=\/wp\/v2\/users\/2"}],"replies":[{"embeddable":true,"href":"https:\/\/blog.planet-ari-um.de\/index.php?rest_route=%2Fwp%2Fv2%2Fcomments&post=37572"}],"version-history":[{"count":4,"href":"https:\/\/blog.planet-ari-um.de\/index.php?rest_route=\/wp\/v2\/posts\/37572\/revisions"}],"predecessor-version":[{"id":37657,"href":"https:\/\/blog.planet-ari-um.de\/index.php?rest_route=\/wp\/v2\/posts\/37572\/revisions\/37657"}],"wp:attachment":[{"href":"https:\/\/blog.planet-ari-um.de\/index.php?rest_route=%2Fwp%2Fv2%2Fmedia&parent=37572"}],"wp:term":[{"taxonomy":"category","embeddable":true,"href":"https:\/\/blog.planet-ari-um.de\/index.php?rest_route=%2Fwp%2Fv2%2Fcategories&post=37572"},{"taxonomy":"post_tag","embeddable":true,"href":"https:\/\/blog.planet-ari-um.de\/index.php?rest_route=%2Fwp%2Fv2%2Ftags&post=37572"}],"curies":[{"name":"wp","href":"https:\/\/api.w.org\/{rel}","templated":true}]}}