{"id":31057,"date":"2016-06-20T15:08:59","date_gmt":"2016-06-20T13:08:59","guid":{"rendered":"http:\/\/www.planet-ari-um.de\/blubs\/?p=31057"},"modified":"2016-06-20T15:08:59","modified_gmt":"2016-06-20T13:08:59","slug":"flucht-2","status":"publish","type":"post","link":"https:\/\/blog.planet-ari-um.de\/?p=31057","title":{"rendered":"Flucht"},"content":{"rendered":"<p>Dinge, \u00fcber die man nicht nachdenken will, aber viel \u00f6fter sollte&#8230;<\/p>\n<p><a href=\"https:\/\/www.focus.de\/kultur\/videos\/hinter-uns-mein-land-dieses-gedicht-aus-der-perspektive-eines-fluechtlings-geht-unter-die-haut_id_5266634.html?utm_source=facebook&amp;utm_medium=social&amp;utm_campaign=facebook-focus-online-politik&amp;fbc=facebook-focus-online-politik&amp;ts=201602081331\" target=\"_blank\"><img loading=\"lazy\" decoding=\"async\" class=\"aligncenter wp-image-21688\" src=\"https:\/\/blog.planet-ari-um.de\/wp-content\/uploads\/2014\/01\/etw-zu-s.jpg\" alt=\"etw zu s\" width=\"188\" height=\"125\" \/><\/a><\/p>\n<p>&nbsp;<\/p>\n<p style=\"text-align: center\">&#8211; Gedenktag f\u00fcr die Opfer von Flucht und Vertreibung &#8211;<\/p>\n","protected":false},"excerpt":{"rendered":"<p>Dinge, \u00fcber die man nicht nachdenken will, aber viel \u00f6fter sollte&#8230; &nbsp; &#8211; Gedenktag f\u00fcr die Opfer von Flucht und Vertreibung &#8211;<\/p>\n","protected":false},"author":2,"featured_media":0,"comment_status":"open","ping_status":"open","sticky":false,"template":"","format":"standard","meta":{"footnotes":""},"categories":[11],"tags":[],"class_list":["post-31057","post","type-post","status-publish","format-standard","hentry","category-zum-nachdenken"],"_links":{"self":[{"href":"https:\/\/blog.planet-ari-um.de\/index.php?rest_route=\/wp\/v2\/posts\/31057","targetHints":{"allow":["GET"]}}],"collection":[{"href":"https:\/\/blog.planet-ari-um.de\/index.php?rest_route=\/wp\/v2\/posts"}],"about":[{"href":"https:\/\/blog.planet-ari-um.de\/index.php?rest_route=\/wp\/v2\/types\/post"}],"author":[{"embeddable":true,"href":"https:\/\/blog.planet-ari-um.de\/index.php?rest_route=\/wp\/v2\/users\/2"}],"replies":[{"embeddable":true,"href":"https:\/\/blog.planet-ari-um.de\/index.php?rest_route=%2Fwp%2Fv2%2Fcomments&post=31057"}],"version-history":[{"count":0,"href":"https:\/\/blog.planet-ari-um.de\/index.php?rest_route=\/wp\/v2\/posts\/31057\/revisions"}],"wp:attachment":[{"href":"https:\/\/blog.planet-ari-um.de\/index.php?rest_route=%2Fwp%2Fv2%2Fmedia&parent=31057"}],"wp:term":[{"taxonomy":"category","embeddable":true,"href":"https:\/\/blog.planet-ari-um.de\/index.php?rest_route=%2Fwp%2Fv2%2Fcategories&post=31057"},{"taxonomy":"post_tag","embeddable":true,"href":"https:\/\/blog.planet-ari-um.de\/index.php?rest_route=%2Fwp%2Fv2%2Ftags&post=31057"}],"curies":[{"name":"wp","href":"https:\/\/api.w.org\/{rel}","templated":true}]}}