{"id":28898,"date":"2016-02-25T18:45:02","date_gmt":"2016-02-25T17:45:02","guid":{"rendered":"http:\/\/www.planet-ari-um.de\/blubs\/?p=28898"},"modified":"2016-02-25T18:45:02","modified_gmt":"2016-02-25T17:45:02","slug":"februar-projekt","status":"publish","type":"post","link":"https:\/\/blog.planet-ari-um.de\/?p=28898","title":{"rendered":"Februar-Projekt"},"content":{"rendered":"<p>Nachdem es wieder Ewigkeiten gedauert hat, die richtige Maschenanzahl f\u00fcr eine M\u00fctze aufzunehmen, konnte ich dann endlich loslegen.<\/p>\n<p><a href=\"https:\/\/blog.planet-ari-um.de\/wp-content\/uploads\/2016\/02\/beaniem\u00fctz.jpg\" rel=\"attachment wp-att-28899\"><img loading=\"lazy\" decoding=\"async\" class=\"wp-image-28899 alignright\" src=\"https:\/\/blog.planet-ari-um.de\/wp-content\/uploads\/2016\/02\/beaniem\u00fctz.jpg\" alt=\"beaniem\u00fctz\" width=\"256\" height=\"310\" \/><\/a>Durch die Marmorierung des Garns kann ich die M\u00fctze jetzt ganz unterschiedlich tragen.<\/p>\n<p>Auf dem Foto sieht man das nicht so gut.<\/p>\n<p>Das ist eine sogenannte Beanie-M\u00fctze, die hinten am Kopf runterh\u00e4ngen.<\/p>\n<p>Da ich der absolute &#8222;Selfie-K\u00fcnstler&#8220; *h\u00fcstel* bin &#8211; ganz davon zu schweigen, dass ich Selfies nicht ausstehen kann, muss ich warten bis mein Lieber hinterher mal ein Foto mit der M\u00fctze auf dem Kopf macht!<\/p>\n<p>An f\u00fcr sich geht es echt ruckizucki so eine M\u00fctze zu machen!<\/p>\n","protected":false},"excerpt":{"rendered":"<p>Nachdem es wieder Ewigkeiten gedauert hat, die richtige Maschenanzahl f\u00fcr eine M\u00fctze aufzunehmen, konnte ich dann endlich loslegen. Durch die Marmorierung des Garns kann ich die M\u00fctze jetzt ganz unterschiedlich&hellip; <\/p>\n","protected":false},"author":2,"featured_media":0,"comment_status":"open","ping_status":"open","sticky":false,"template":"","format":"standard","meta":{"footnotes":""},"categories":[4,31],"tags":[],"class_list":["post-28898","post","type-post","status-publish","format-standard","hentry","category-freizeit","category-handarbeiten"],"_links":{"self":[{"href":"https:\/\/blog.planet-ari-um.de\/index.php?rest_route=\/wp\/v2\/posts\/28898","targetHints":{"allow":["GET"]}}],"collection":[{"href":"https:\/\/blog.planet-ari-um.de\/index.php?rest_route=\/wp\/v2\/posts"}],"about":[{"href":"https:\/\/blog.planet-ari-um.de\/index.php?rest_route=\/wp\/v2\/types\/post"}],"author":[{"embeddable":true,"href":"https:\/\/blog.planet-ari-um.de\/index.php?rest_route=\/wp\/v2\/users\/2"}],"replies":[{"embeddable":true,"href":"https:\/\/blog.planet-ari-um.de\/index.php?rest_route=%2Fwp%2Fv2%2Fcomments&post=28898"}],"version-history":[{"count":0,"href":"https:\/\/blog.planet-ari-um.de\/index.php?rest_route=\/wp\/v2\/posts\/28898\/revisions"}],"wp:attachment":[{"href":"https:\/\/blog.planet-ari-um.de\/index.php?rest_route=%2Fwp%2Fv2%2Fmedia&parent=28898"}],"wp:term":[{"taxonomy":"category","embeddable":true,"href":"https:\/\/blog.planet-ari-um.de\/index.php?rest_route=%2Fwp%2Fv2%2Fcategories&post=28898"},{"taxonomy":"post_tag","embeddable":true,"href":"https:\/\/blog.planet-ari-um.de\/index.php?rest_route=%2Fwp%2Fv2%2Ftags&post=28898"}],"curies":[{"name":"wp","href":"https:\/\/api.w.org\/{rel}","templated":true}]}}