{"id":27708,"date":"2015-08-21T15:31:58","date_gmt":"2015-08-21T13:31:58","guid":{"rendered":"http:\/\/www.planet-ari-um.de\/blubs\/?p=27708"},"modified":"2022-02-10T18:49:46","modified_gmt":"2022-02-10T17:49:46","slug":"realitaeten-crash","status":"publish","type":"post","link":"https:\/\/blog.planet-ari-um.de\/?p=27708","title":{"rendered":"Realit\u00e4ten-Crash"},"content":{"rendered":"<p>Vor einiger Zeit hatte jemand im Netz ein d\u00e4mliches Bild mit dem Thema, dass Fl\u00fcchtlinge doch gef\u00e4lligst dahin gehen sollen wo sie her gekommen f\u00fcr ganz toll befunden.<\/p>\n<p>Daraufhin ist mir ein wenig der Kragen geplatzt. Als ob die das aus Spa\u00df machen w\u00fcrden.<\/p>\n<p>Durch Zufall ist mir dann an dem Tag \u00fcber FB ein Beitrag \u00fcber Fl\u00fcchtlingshilfe hier im Ort entgegen geschwemmt worden.<\/p>\n<p>Gestern war ich dann also das erste Mal mit einer Betreuerin in einer Fl\u00fcchtlingsunterkunft.<\/p>\n<p>Vor Jaaahren war ich mal mir meiner Mutter damals in den Containern mit als die Fl\u00fcchtlinge aus Jugoslawien kamen. Ich muss sagen: ich hatte es echt vorkommen verdr\u00e4ngt&#8230;<\/p>\n<p>Ein runter gekommenes zweist\u00f6ckiges Geb\u00e4ude. Innen sieht es erst mal &#8211; wenn man es noch positiv beschreiben will &#8211; aus wie ein Studentenwohnheim. Doch die Tatsache, dass Familien also teilweise mit bis zu acht Personen in einem Zimmer aufeinander hocken, ver\u00e4ndert das Bild schlagartig!<\/p>\n<p>Viele m\u00f6gen denken &#8222;die haben es ja gut, die haben eine Unterkunft&#8230;&#8220;<\/p>\n<p>Die Betreuerin hat ein wenig was erz\u00e4hlt: Teilweise werden die V\u00e4ter an ganz anderen Orten untergebracht, weil sie schon mal hier waren und ihr Asylantrag somit ein Folgeantrag ist und anders behandelt wird.<\/p>\n<p>Viele Menschen sind nur f\u00fcr ein paar Wochen oder Monate hier, dann werden sie an einen anderen Ort weiter verfrachtet&#8230;<\/p>\n<p>Aber der absolute Klops an b\u00fcrokratischer Hirnverbranntheit ist die Tatsache, dass Menschen mit S\u00e4uglingen erst mal von der Abschiebung ausgenommen sind. Ja was passiert dann wohl? Allein in diesem Heim gibt es mehrere Schwangere&#8230;<\/p>\n","protected":false},"excerpt":{"rendered":"<p>Vor einiger Zeit hatte jemand im Netz ein d\u00e4mliches Bild mit dem Thema, dass Fl\u00fcchtlinge doch gef\u00e4lligst dahin gehen sollen wo sie her gekommen f\u00fcr ganz toll befunden. Daraufhin ist&hellip; <\/p>\n","protected":false},"author":2,"featured_media":0,"comment_status":"open","ping_status":"open","sticky":false,"template":"","format":"standard","meta":{"footnotes":""},"categories":[11],"tags":[],"class_list":["post-27708","post","type-post","status-publish","format-standard","hentry","category-zum-nachdenken"],"_links":{"self":[{"href":"https:\/\/blog.planet-ari-um.de\/index.php?rest_route=\/wp\/v2\/posts\/27708","targetHints":{"allow":["GET"]}}],"collection":[{"href":"https:\/\/blog.planet-ari-um.de\/index.php?rest_route=\/wp\/v2\/posts"}],"about":[{"href":"https:\/\/blog.planet-ari-um.de\/index.php?rest_route=\/wp\/v2\/types\/post"}],"author":[{"embeddable":true,"href":"https:\/\/blog.planet-ari-um.de\/index.php?rest_route=\/wp\/v2\/users\/2"}],"replies":[{"embeddable":true,"href":"https:\/\/blog.planet-ari-um.de\/index.php?rest_route=%2Fwp%2Fv2%2Fcomments&post=27708"}],"version-history":[{"count":3,"href":"https:\/\/blog.planet-ari-um.de\/index.php?rest_route=\/wp\/v2\/posts\/27708\/revisions"}],"predecessor-version":[{"id":46147,"href":"https:\/\/blog.planet-ari-um.de\/index.php?rest_route=\/wp\/v2\/posts\/27708\/revisions\/46147"}],"wp:attachment":[{"href":"https:\/\/blog.planet-ari-um.de\/index.php?rest_route=%2Fwp%2Fv2%2Fmedia&parent=27708"}],"wp:term":[{"taxonomy":"category","embeddable":true,"href":"https:\/\/blog.planet-ari-um.de\/index.php?rest_route=%2Fwp%2Fv2%2Fcategories&post=27708"},{"taxonomy":"post_tag","embeddable":true,"href":"https:\/\/blog.planet-ari-um.de\/index.php?rest_route=%2Fwp%2Fv2%2Ftags&post=27708"}],"curies":[{"name":"wp","href":"https:\/\/api.w.org\/{rel}","templated":true}]}}