{"id":26287,"date":"2015-01-26T17:32:49","date_gmt":"2015-01-26T16:32:49","guid":{"rendered":"http:\/\/www.planet-ari-um.de\/blubs\/?p=26287"},"modified":"2020-06-08T09:29:17","modified_gmt":"2020-06-08T07:29:17","slug":"weicheier","status":"publish","type":"post","link":"https:\/\/blog.planet-ari-um.de\/?p=26287","title":{"rendered":"Weicheier"},"content":{"rendered":"<p>Weicheier wohin das Auge reicht!<\/p>\n<ol>\n<li>Pegida, Christen, Islamisten und Co.: man darf noch nicht mals mehr einen ironischen Kommentar machen, schon f\u00fchlen sich einige Leute angep&#8230;st! Meine G\u00fcte, haben die auch schon mal was davon geh\u00f6rt, dass man nicht alles gleich immer pers\u00f6nlich nehmen muss, und einfach mal was ignorieren kann und sich nicht gleich wie im Kindergarten heulend in die Ecke stellen oder gleich drauf haun muss??!<\/li>\n<li>Schulkinder: Oh mein Gott, sie m\u00fcssen tats\u00e4chlich arbeiten, das grenzt ja an K\u00f6rperverletzung! Himmel noch eins. Ja, im Leben muss man auch mal arbeiten. Und ja, man muss auch mal etwas tun, was man vielleicht gerade nicht mag. Und um Himmelswillen, ja, es ist auch nicht immer einer da, der es einem abnimmt oder der, sobald man ein paar Tr\u00e4nen rausdr\u00fcckt oder anf\u00e4ngt zu bocken, sagt &#8222;Das brauchst du nicht tun!&#8220;<\/li>\n<\/ol>\n<p>Jetzt habe ich vor lauter Aufregerei \u00fcber den gef\u00fchlt 10000. Eintrag in FB \u00fcber ach so b\u00f6se Moslems vergessen, was ich eigentlich schreiben wollte.<\/p>\n<p>Ach so.<\/p>\n<ol start=\"3\">\n<li>Heute Morgen habe ich im Halbschlaf geh\u00f6rt, dass st\u00e4ndig R\u00e4umfahrzeuge gefahren sind, auf dem B\u00fcrgersteig und auf der Stra\u00dfe. Ja, von fr\u00fcher h\u00e4tte ich gedacht, dass in der Nacht wohl noch so einiges runter gekommen sein muss, dass so viel ger\u00e4umt werden muss. Als dann der Wecker klingelte und ich aus dem Fenster gesehen habe, habe ich echt gedacht mich tritt ein Pferd. Es war ein biiii\u00dfchen Gek\u00fcmmel, aber die Stra\u00dfe und auch die Wege waren noch nicht mals richtig mit Schnee bedeckt. Was soll das?? Das ist doch nun wirklich kein Grund so einen Aufstand zu machen.<\/li>\n<\/ol>\n<p>Aber ich glaube, wir werden immer mehr eine &#8222;Ich reg mich erst mal ordentlich auf &#8211; ob es einen Sinn macht oder nicht&#8220;-Gesellschaft!<\/p>\n","protected":false},"excerpt":{"rendered":"<p>Weicheier wohin das Auge reicht! Pegida, Christen, Islamisten und Co.: man darf noch nicht mals mehr einen ironischen Kommentar machen, schon f\u00fchlen sich einige Leute angep&#8230;st! Meine G\u00fcte, haben die&hellip; <\/p>\n","protected":false},"author":2,"featured_media":0,"comment_status":"open","ping_status":"open","sticky":false,"template":"","format":"standard","meta":{"footnotes":""},"categories":[23],"tags":[],"class_list":["post-26287","post","type-post","status-publish","format-standard","hentry","category-geargert"],"_links":{"self":[{"href":"https:\/\/blog.planet-ari-um.de\/index.php?rest_route=\/wp\/v2\/posts\/26287","targetHints":{"allow":["GET"]}}],"collection":[{"href":"https:\/\/blog.planet-ari-um.de\/index.php?rest_route=\/wp\/v2\/posts"}],"about":[{"href":"https:\/\/blog.planet-ari-um.de\/index.php?rest_route=\/wp\/v2\/types\/post"}],"author":[{"embeddable":true,"href":"https:\/\/blog.planet-ari-um.de\/index.php?rest_route=\/wp\/v2\/users\/2"}],"replies":[{"embeddable":true,"href":"https:\/\/blog.planet-ari-um.de\/index.php?rest_route=%2Fwp%2Fv2%2Fcomments&post=26287"}],"version-history":[{"count":2,"href":"https:\/\/blog.planet-ari-um.de\/index.php?rest_route=\/wp\/v2\/posts\/26287\/revisions"}],"predecessor-version":[{"id":43199,"href":"https:\/\/blog.planet-ari-um.de\/index.php?rest_route=\/wp\/v2\/posts\/26287\/revisions\/43199"}],"wp:attachment":[{"href":"https:\/\/blog.planet-ari-um.de\/index.php?rest_route=%2Fwp%2Fv2%2Fmedia&parent=26287"}],"wp:term":[{"taxonomy":"category","embeddable":true,"href":"https:\/\/blog.planet-ari-um.de\/index.php?rest_route=%2Fwp%2Fv2%2Fcategories&post=26287"},{"taxonomy":"post_tag","embeddable":true,"href":"https:\/\/blog.planet-ari-um.de\/index.php?rest_route=%2Fwp%2Fv2%2Ftags&post=26287"}],"curies":[{"name":"wp","href":"https:\/\/api.w.org\/{rel}","templated":true}]}}