{"id":26241,"date":"2015-01-08T18:03:04","date_gmt":"2015-01-08T17:03:04","guid":{"rendered":"http:\/\/www.planet-ari-um.de\/blubs\/?p=26241"},"modified":"2022-02-16T22:42:26","modified_gmt":"2022-02-16T21:42:26","slug":"getarnte-braune-sch","status":"publish","type":"post","link":"https:\/\/blog.planet-ari-um.de\/?p=26241","title":{"rendered":"getarnte braune Sch&#8230;"},"content":{"rendered":"<p>Was geht mir dieser ganze Mist mit Pegidia, &#8222;b\u00f6se Moslems&#8220; und das ganze andere dumme Gelaber in diese Richtung verd&#8230; nochmal ganz geh\u00f6rig auf den Geist!!<\/p>\n<p>Ich kann es bald <strong>echt nicht mehr h\u00f6ren<\/strong>!<\/p>\n<p><em>Ist es wirklich so wichtig, welche Religion ein Mensch aus\u00fcben m\u00f6chte?<\/em><\/p>\n<p><strong>Nein!<\/strong> Es gibt auch falsche Gl\u00e4ubige, genauso wie &#8222;heilige&#8220; Ungl\u00e4ubige. Ich bin doch kein besserer Mensch, wenn ich bete und in die Kirche gehe. Ich muss auch hinter dem stehen, was ich nach au\u00dfen trage. Also n\u00fctzt es herzlich wenig, wenn jemand sagt er ist Christ, Moslem oder was auch immer und trotzdem Menschen ausn\u00fctzt, betr\u00fcgt, qu\u00e4lt oder gar jemanden umbringt. Ich bin mir ziemlich sicher, dass &#8222;t\u00f6ten&#8220; in jeder Glaubensschrift nicht gerade toleriert wird. Da hilf auch nicht die Rechtfertigung, dass es &#8222;ein heiliger Krieg&#8220; ist. <strong>T\u00f6ten ist t\u00f6ten!<\/strong><\/p>\n<p>Und ob ein Mensch nun zu Gott, Allah oder wem auch immer betet und diesen Glauben<strong> f\u00fcr sich<\/strong> als richtig empfindet, \u00e4ndert auch nichts an dem Menschen!<\/p>\n<p>Warum k\u00f6nnen sich die Leute nicht einfach in Ruhe lassen und jeden an das glauben lassen an das er glauben <strong>m\u00f6chte<\/strong>?!<\/p>\n<p><em>\u00c4ndert es wirklich etwas an einem Menschen, ob er aus Russland, Afrika, China, der T\u00fcrkei oder sonst woher kommt?? <\/em><\/p>\n<p><strong>Nein!<\/strong> Es gibt hier wie dort Ar&#8230;l\u00f6cher. Das liegt nicht an der Nation sondern am Menschen selbst! Klar, gibt es Menschen &#8211; f\u00fchren wir mal das zur Zeit so sehr genutzte Beispiel Moslems an &#8211; die ihren Glauben auch mit Gewalt verbreiten wollen, aber das ist vielleicht 1 von 10. Alle anderen sch\u00e4men sich f\u00fcr diesen Spacko! Alles \u00fcber einen Kamm scheren ist zwar sehr einfach, geht aber doch wohl sehr an der Realit\u00e4t vorbei!<\/p>\n<p><em>Kommen wirklich sooo viele Ausl\u00e4nder\/Fl\u00fcchtlinge nach Deutschland?<\/em><\/p>\n<p><strong>Nein!<\/strong> In einer Statistik sind wir ziemlich am A&#8230;, was die &#8222;Wahl&#8220; der L\u00e4nder f\u00fcr Fl\u00fcchtlinge angeht. Deutschland nimmt nichtmals 1 Million Fl\u00fcchtlinge auf.<\/p>\n<p>Ganz davon abgesehen, dass die Menschen, die ihr Land, ihre Stadt, ihr Haus und ihre Familie und Freunde verlassen m\u00fcssen, dies mit Sicherheit <strong>nicht freiwillig<\/strong> tun!<\/p>\n<p>Denkt doch mal nach! Wer l\u00e4sst denn freiwillig all das, was er sich m\u00fchsam aufgebaut und zusammen gespart hat, zur\u00fcck? Wer geht denn freiwillig in ein fremdes Land, von dem er vielleicht noch nie was geh\u00f6rt hat? Weil Deutschland so toll ist? Sorry, aber so&#8217;n Schei\u00df! Es ist da toll, wo man sich geborgen f\u00fchlt. Und ein fremdes Land in dem man nichts hat, in dem man noch nicht mals die Sprache versteht, in dem man irgendwo in einer Baracke hausen muss, ist wohl nicht toll!<\/p>\n<p>Auch wenn Pegidia heult, weil ja alles so b\u00f6se ist und die Fl\u00fcchtlinge, Moslems und wer ihnen sonst noch einf\u00e4llt uns alles wegnimmt und unsere Existenz bedroht; ich bin mir sehr sicher, dass die Fl\u00fcchtlinge liebend gerne mal 1 Tag mit diesen ach so schrecklich bedrohten Existenzen tauschen w\u00fcrden!<\/p>\n<p>Freut euch doch lieber einfach mal, dass ihr so ein gutes Leben habt und so etwas weeeiit weg und schlichtweg f\u00fcr uns <strong>un<\/strong>vorstellbar ist:<\/p>\n<p><a href=\"https:\/\/www.youtube.com\/watch?v=RBQ-IoHfimQ\" target=\"_blank\" rel=\"noopener\"><img loading=\"lazy\" decoding=\"async\" class=\"aligncenter wp-image-21688\" src=\"https:\/\/blog.planet-ari-um.de\/wp-content\/uploads\/2014\/01\/etw-zu-s.jpg\" alt=\"etw zu s\" width=\"183\" height=\"122\" \/><\/a><\/p>\n","protected":false},"excerpt":{"rendered":"<p>Was geht mir dieser ganze Mist mit Pegidia, &#8222;b\u00f6se Moslems&#8220; und das ganze andere dumme Gelaber in diese Richtung verd&#8230; nochmal ganz geh\u00f6rig auf den Geist!! Ich kann es bald&hellip; <\/p>\n","protected":false},"author":2,"featured_media":0,"comment_status":"open","ping_status":"open","sticky":false,"template":"","format":"standard","meta":{"footnotes":""},"categories":[7,11],"tags":[],"class_list":["post-26241","post","type-post","status-publish","format-standard","hentry","category-die-welt","category-zum-nachdenken"],"_links":{"self":[{"href":"https:\/\/blog.planet-ari-um.de\/index.php?rest_route=\/wp\/v2\/posts\/26241","targetHints":{"allow":["GET"]}}],"collection":[{"href":"https:\/\/blog.planet-ari-um.de\/index.php?rest_route=\/wp\/v2\/posts"}],"about":[{"href":"https:\/\/blog.planet-ari-um.de\/index.php?rest_route=\/wp\/v2\/types\/post"}],"author":[{"embeddable":true,"href":"https:\/\/blog.planet-ari-um.de\/index.php?rest_route=\/wp\/v2\/users\/2"}],"replies":[{"embeddable":true,"href":"https:\/\/blog.planet-ari-um.de\/index.php?rest_route=%2Fwp%2Fv2%2Fcomments&post=26241"}],"version-history":[{"count":7,"href":"https:\/\/blog.planet-ari-um.de\/index.php?rest_route=\/wp\/v2\/posts\/26241\/revisions"}],"predecessor-version":[{"id":46205,"href":"https:\/\/blog.planet-ari-um.de\/index.php?rest_route=\/wp\/v2\/posts\/26241\/revisions\/46205"}],"wp:attachment":[{"href":"https:\/\/blog.planet-ari-um.de\/index.php?rest_route=%2Fwp%2Fv2%2Fmedia&parent=26241"}],"wp:term":[{"taxonomy":"category","embeddable":true,"href":"https:\/\/blog.planet-ari-um.de\/index.php?rest_route=%2Fwp%2Fv2%2Fcategories&post=26241"},{"taxonomy":"post_tag","embeddable":true,"href":"https:\/\/blog.planet-ari-um.de\/index.php?rest_route=%2Fwp%2Fv2%2Ftags&post=26241"}],"curies":[{"name":"wp","href":"https:\/\/api.w.org\/{rel}","templated":true}]}}