{"id":26199,"date":"2014-12-25T00:31:35","date_gmt":"2014-12-24T23:31:35","guid":{"rendered":"http:\/\/www.planet-ari-um.de\/blubs\/?p=26199"},"modified":"2020-06-08T10:16:41","modified_gmt":"2020-06-08T08:16:41","slug":"weihnachten-3","status":"publish","type":"post","link":"https:\/\/blog.planet-ari-um.de\/?p=26199","title":{"rendered":"Weihnachten"},"content":{"rendered":"<p>Weihnachten ist f\u00fcr mich ein Fest mit der Familie, bei der es darum geht, die gemeinsame Zeit zu genie\u00dfen, die weihnachtliche, gem\u00fctliche und besinnliche Stimmung auszukosten und Traditionen fortzuf\u00fchren.<\/p>\n<p>Da es &#8211; wie eigentlich die letzten Wochen &#8211; immer noch pausenlos gegossen hat, haben wir uns kurzer Hand entschlossen, das Kino nach Hause zu verlegen. Zu Nikolaus hatte ich ja u. a. &#8222;Die Eisk\u00f6nigin &#8211; v\u00f6llig unverfroren&#8220; bekommen. Das bot sich hervorragend an! Popcorn hatten wir auch noch!<\/p>\n<p>Anschlie\u00dfend haben wir uns zu meinen Eltern aufgemacht.<\/p>\n<p>Erst hakte der Plattenspieler und ich dachte schon wir m\u00fcssten ohne unsere Weihnachts-Platte auskommen&#8230;<\/p>\n<p>Der Weihnachtsbaum sah wundersch\u00f6n aus. Die Tanne war\u00a0echt sch\u00f6n &#8211; die Nadeln sahen viel voller aus als sonst &#8211; geschm\u00fcckt mit vielen &#8222;alten&#8220; Sachen und den neu gebastelten.<\/p>\n<p>Wir hatten dieses Jahr \u00fcberlegt, dass wir die Bescherung mal ein wenig anders machen wollten. Wir haben gew\u00fcrfelt. Irgendwie hatte der Hamsta den Papst in der Tasche und durfte in fast jeder Runde ein Geschenk auspacken. Bei mir hat es dagegen eeeetwas gedauert&#8230;<\/p>\n<p>Ich darf jetzt mit einer neuen Kamera fotografieren. Auch wenn ich mich von meiner alten liebgewonnenen Kamera eigentlich gar nicht trennen wollte, habe ich eigentlich schon in Island gemerkt, dass sie leider nicht mehr so zuverl\u00e4ssig ist und gut arbeitet&#8230; Bildung habe ich bekommen &#8222;Das Nesth\u00e4kchen&#8220; und &#8222;Momo&#8220; und eine sch\u00f6ne aufziehbare Taschenuhr.<\/p>\n<p>Anschlie\u00dfend haben wir uns beim Fondue laaaange den Magen voll geschlagen.<\/p>\n<p>Gegen 2:30 Uhr waren wir dann irgendwann zu Hause.<\/p>\n<p>Fotos kommen noch&#8230;<\/p>\n","protected":false},"excerpt":{"rendered":"<p>Weihnachten ist f\u00fcr mich ein Fest mit der Familie, bei der es darum geht, die gemeinsame Zeit zu genie\u00dfen, die weihnachtliche, gem\u00fctliche und besinnliche Stimmung auszukosten und Traditionen fortzuf\u00fchren. Da&hellip; <\/p>\n","protected":false},"author":2,"featured_media":0,"comment_status":"open","ping_status":"open","sticky":false,"template":"","format":"standard","meta":{"footnotes":""},"categories":[26,20],"tags":[],"class_list":["post-26199","post","type-post","status-publish","format-standard","hentry","category-familie","category-weihnachtszeit"],"_links":{"self":[{"href":"https:\/\/blog.planet-ari-um.de\/index.php?rest_route=\/wp\/v2\/posts\/26199","targetHints":{"allow":["GET"]}}],"collection":[{"href":"https:\/\/blog.planet-ari-um.de\/index.php?rest_route=\/wp\/v2\/posts"}],"about":[{"href":"https:\/\/blog.planet-ari-um.de\/index.php?rest_route=\/wp\/v2\/types\/post"}],"author":[{"embeddable":true,"href":"https:\/\/blog.planet-ari-um.de\/index.php?rest_route=\/wp\/v2\/users\/2"}],"replies":[{"embeddable":true,"href":"https:\/\/blog.planet-ari-um.de\/index.php?rest_route=%2Fwp%2Fv2%2Fcomments&post=26199"}],"version-history":[{"count":2,"href":"https:\/\/blog.planet-ari-um.de\/index.php?rest_route=\/wp\/v2\/posts\/26199\/revisions"}],"predecessor-version":[{"id":43208,"href":"https:\/\/blog.planet-ari-um.de\/index.php?rest_route=\/wp\/v2\/posts\/26199\/revisions\/43208"}],"wp:attachment":[{"href":"https:\/\/blog.planet-ari-um.de\/index.php?rest_route=%2Fwp%2Fv2%2Fmedia&parent=26199"}],"wp:term":[{"taxonomy":"category","embeddable":true,"href":"https:\/\/blog.planet-ari-um.de\/index.php?rest_route=%2Fwp%2Fv2%2Fcategories&post=26199"},{"taxonomy":"post_tag","embeddable":true,"href":"https:\/\/blog.planet-ari-um.de\/index.php?rest_route=%2Fwp%2Fv2%2Ftags&post=26199"}],"curies":[{"name":"wp","href":"https:\/\/api.w.org\/{rel}","templated":true}]}}