{"id":23500,"date":"2014-06-28T19:00:47","date_gmt":"2014-06-28T17:00:47","guid":{"rendered":"http:\/\/www.planet-ari-um.de\/blubs\/?p=23500"},"modified":"2014-06-28T19:00:47","modified_gmt":"2014-06-28T17:00:47","slug":"100-jahre","status":"publish","type":"post","link":"https:\/\/blog.planet-ari-um.de\/?p=23500","title":{"rendered":"100 Jahre"},"content":{"rendered":"<p>Vor 100 Jahren ereignete sich ein Attentat, dass sozusagen der Tropfen war, der das Fass zum \u00fcberlaufen brachte.<\/p>\n<p>Frankreich, Russland und Gro\u00dfbritannien schlossen das Milit\u00e4rb\u00fcndnis &#8222;triple entente&#8220;, um gegen das st\u00e4rker werdende Deutschland ger\u00fcstet zu sein. Deutschland wiederum wollte besagte drei M\u00e4chten in ihre Schranken weisen. Die\u00a0Autorit\u00e4t auf dem Balkan wollte man mit einem Krieg wieder herstellen.<\/p>\n<p>Der\u00a019-j\u00e4hrige Gavrilo Princip erschie\u00dft den \u00f6sterreichisch-ungarischen Thronfolger Franz Ferdinand und dessen Frau als sie zu Besuch in Sarajevo sind.<\/p>\n<p>&nbsp;<\/p>\n<p>Nach gegenseitigen Schuldzuweisungen setzt \u00d6sterreich-Ungarn Serbien ein Ultimatum und erkl\u00e4rt daraufhin einen Monat sp\u00e4ter den Krieg.<\/p>\n<p>Der Plan, den Krieg auf einer Fl\u00e4che relativ begrenzt zu halten ging nicht auf. S\u00e4mtliche betroffenen Gebiete holten sozusagen ihre gro\u00dfen Br\u00fcder dazu und so waren bald alle Gro\u00dfm\u00e4chte in Europa in diesen Krieg verstrickt, der letztendlich wohl\u00a017 Millionen Menschen das Leben kostete.<\/p>\n","protected":false},"excerpt":{"rendered":"<p>Vor 100 Jahren ereignete sich ein Attentat, dass sozusagen der Tropfen war, der das Fass zum \u00fcberlaufen brachte. Frankreich, Russland und Gro\u00dfbritannien schlossen das Milit\u00e4rb\u00fcndnis &#8222;triple entente&#8220;, um gegen das&hellip; <\/p>\n","protected":false},"author":2,"featured_media":0,"comment_status":"open","ping_status":"open","sticky":false,"template":"","format":"standard","meta":{"footnotes":""},"categories":[29,11],"tags":[],"class_list":["post-23500","post","type-post","status-publish","format-standard","hentry","category-geschichte","category-zum-nachdenken"],"_links":{"self":[{"href":"https:\/\/blog.planet-ari-um.de\/index.php?rest_route=\/wp\/v2\/posts\/23500","targetHints":{"allow":["GET"]}}],"collection":[{"href":"https:\/\/blog.planet-ari-um.de\/index.php?rest_route=\/wp\/v2\/posts"}],"about":[{"href":"https:\/\/blog.planet-ari-um.de\/index.php?rest_route=\/wp\/v2\/types\/post"}],"author":[{"embeddable":true,"href":"https:\/\/blog.planet-ari-um.de\/index.php?rest_route=\/wp\/v2\/users\/2"}],"replies":[{"embeddable":true,"href":"https:\/\/blog.planet-ari-um.de\/index.php?rest_route=%2Fwp%2Fv2%2Fcomments&post=23500"}],"version-history":[{"count":0,"href":"https:\/\/blog.planet-ari-um.de\/index.php?rest_route=\/wp\/v2\/posts\/23500\/revisions"}],"wp:attachment":[{"href":"https:\/\/blog.planet-ari-um.de\/index.php?rest_route=%2Fwp%2Fv2%2Fmedia&parent=23500"}],"wp:term":[{"taxonomy":"category","embeddable":true,"href":"https:\/\/blog.planet-ari-um.de\/index.php?rest_route=%2Fwp%2Fv2%2Fcategories&post=23500"},{"taxonomy":"post_tag","embeddable":true,"href":"https:\/\/blog.planet-ari-um.de\/index.php?rest_route=%2Fwp%2Fv2%2Ftags&post=23500"}],"curies":[{"name":"wp","href":"https:\/\/api.w.org\/{rel}","templated":true}]}}