{"id":23498,"date":"2014-06-28T17:49:40","date_gmt":"2014-06-28T15:49:40","guid":{"rendered":"http:\/\/www.planet-ari-um.de\/blubs\/?p=23498"},"modified":"2019-02-17T18:26:51","modified_gmt":"2019-02-17T17:26:51","slug":"top-und-flop","status":"publish","type":"post","link":"https:\/\/blog.planet-ari-um.de\/?p=23498","title":{"rendered":"Top und Flop"},"content":{"rendered":"<p>In der Schule war heute nach der Projektwoche Schulfest. Ich fand es zwar nicht sch\u00f6n, dass ich am Wochenende auch fr\u00fch aufstehen musste, aber das Fest war sch\u00f6n, die aufgef\u00fchrten Sachen waren f\u00fcr drei Tage Vorbereitungszeit auch sch\u00f6n und das Wetter hielt sich zum Gl\u00fcck bis fast zum Schluss.<\/p>\n<p>Auf der Fahrt habe ich Radio geh\u00f6rt. Da habe ich dann ganz spontan entschieden, dass hier Top und Flop hinm\u00fcssen!<\/p>\n<p><strong>FLOP<\/strong>:<\/p>\n<p>Die liiiebreizenden Politiker h\u00e4tten gerne jetzt mit einer Di\u00e4tenerh\u00f6hung 415 \u20ac mehr Geld im Monat. Das ist meiner Meinung schon ein Ding der Unm\u00f6glichkeit, wo manche Leute haaart k\u00e4mpfen m\u00fcssen, um ein paar Euro mehr zu bekommen. Und die Herrschaften wollen dann im Dezember nochmal genauso viel mehr haben. Ja hallo?? <strong>Geht&#8217;s noch?<\/strong><\/p>\n<p><strong>TOP:<\/strong><\/p>\n<p>Die Stadt Hamburg ist bald mit den anreisenden Fl\u00fcchtlingen \u00fcberfordert und hat jetzt beschlossen, die Fl\u00fcchtlinge in alten Kreuzfahrtschiffen unterzubringen. Auch wenn die vielleicht f\u00fcr unsere Verh\u00e4ltnisse verranzt und runtergekommen sind, ist das allemal besser als in Fl\u00fcchtlingslagern oder Containern zu hausen. Entweder m\u00fcssen sie dort mit zig Menschen in einem gro\u00dfen Saal hausen oder wie hier damals als die Jugoslawien-Fl\u00fcchtlinge kamen, teilweise zu 5. in einem Raum, der halb so gro\u00df ist wie unser Wohnzimmer und das ist nun wirklich nicht gerade gro\u00df&#8230;<\/p>\n","protected":false},"excerpt":{"rendered":"<p>In der Schule war heute nach der Projektwoche Schulfest. Ich fand es zwar nicht sch\u00f6n, dass ich am Wochenende auch fr\u00fch aufstehen musste, aber das Fest war sch\u00f6n, die aufgef\u00fchrten&hellip; <\/p>\n","protected":false},"author":2,"featured_media":0,"comment_status":"open","ping_status":"open","sticky":false,"template":"","format":"standard","meta":{"footnotes":""},"categories":[11],"tags":[],"class_list":["post-23498","post","type-post","status-publish","format-standard","hentry","category-zum-nachdenken"],"_links":{"self":[{"href":"https:\/\/blog.planet-ari-um.de\/index.php?rest_route=\/wp\/v2\/posts\/23498","targetHints":{"allow":["GET"]}}],"collection":[{"href":"https:\/\/blog.planet-ari-um.de\/index.php?rest_route=\/wp\/v2\/posts"}],"about":[{"href":"https:\/\/blog.planet-ari-um.de\/index.php?rest_route=\/wp\/v2\/types\/post"}],"author":[{"embeddable":true,"href":"https:\/\/blog.planet-ari-um.de\/index.php?rest_route=\/wp\/v2\/users\/2"}],"replies":[{"embeddable":true,"href":"https:\/\/blog.planet-ari-um.de\/index.php?rest_route=%2Fwp%2Fv2%2Fcomments&post=23498"}],"version-history":[{"count":1,"href":"https:\/\/blog.planet-ari-um.de\/index.php?rest_route=\/wp\/v2\/posts\/23498\/revisions"}],"predecessor-version":[{"id":38939,"href":"https:\/\/blog.planet-ari-um.de\/index.php?rest_route=\/wp\/v2\/posts\/23498\/revisions\/38939"}],"wp:attachment":[{"href":"https:\/\/blog.planet-ari-um.de\/index.php?rest_route=%2Fwp%2Fv2%2Fmedia&parent=23498"}],"wp:term":[{"taxonomy":"category","embeddable":true,"href":"https:\/\/blog.planet-ari-um.de\/index.php?rest_route=%2Fwp%2Fv2%2Fcategories&post=23498"},{"taxonomy":"post_tag","embeddable":true,"href":"https:\/\/blog.planet-ari-um.de\/index.php?rest_route=%2Fwp%2Fv2%2Ftags&post=23498"}],"curies":[{"name":"wp","href":"https:\/\/api.w.org\/{rel}","templated":true}]}}