{"id":23165,"date":"2014-05-05T22:42:22","date_gmt":"2014-05-05T20:42:22","guid":{"rendered":"http:\/\/www.planet-ari-um.de\/blubs\/?p=23165"},"modified":"2022-06-08T21:42:25","modified_gmt":"2022-06-08T19:42:25","slug":"kleiner-trier-nachtrag","status":"publish","type":"post","link":"https:\/\/blog.planet-ari-um.de\/?p=23165","title":{"rendered":"Kleiner Trier-Nachtrag"},"content":{"rendered":"<p>Ich habe gar nicht von unserer spontanen Privat-F\u00fchrung berichtet.<\/p>\n<p>Wir standen gerade in der Basilika (von innen habe ich gar kein Foto&#8230;)<\/p>\n<p><a href=\"https:\/\/blog.planet-ari-um.de\/wp-content\/uploads\/2014\/05\/basilikaTr.jpg\"><img loading=\"lazy\" decoding=\"async\" class=\"aligncenter wp-image-23166\" src=\"https:\/\/blog.planet-ari-um.de\/wp-content\/uploads\/2014\/05\/basilikaTr.jpg\" alt=\"basilikaTr\" width=\"365\" height=\"243\" \/><\/a><\/p>\n<p>und \u00fcberlegten, wie wir am besten jetzt gehen um noch m\u00f6glichst viel zu sehen.<\/p>\n<p>Da sprach uns ein Mann an, schlug uns eine Route vor und erz\u00e4hlte uns dann ganz spontan noch viele interessante und sehr am\u00fcsant dargebrachte Fakten \u00fcber die Basilika und die R\u00f6merzeit in Trier.<\/p>\n<p>Anschlie\u00dfend sind wir &#8211; wie vorgeschlagen &#8211; erst mal in die G\u00e4rten am\u00a0Kurf\u00fcrstlichen Palais gegangen.<\/p>\n<p><a href=\"https:\/\/blog.planet-ari-um.de\/wp-content\/uploads\/2014\/05\/statueTr.jpg\"><img loading=\"lazy\" decoding=\"async\" class=\"aligncenter wp-image-23168\" src=\"https:\/\/blog.planet-ari-um.de\/wp-content\/uploads\/2014\/05\/statueTr.jpg\" alt=\"statueTr\" width=\"183\" height=\"247\" \/><\/a><\/p>\n<p>W\u00e4hrend es immer mehr zuzog, sicherte Mutti schon einen Platz in einem kleinen s\u00fc\u00dfen Caf\u00e9 im Garten. Der Hamsta und ich haben noch einen Abstecher zu den Kaiserthermen gemacht!<\/p>\n<p><a href=\"https:\/\/blog.planet-ari-um.de\/wp-content\/uploads\/2016\/03\/kaisthermTri.jpg\" rel=\"attachment wp-att-29268\"><img loading=\"lazy\" decoding=\"async\" class=\"aligncenter wp-image-29268\" src=\"https:\/\/blog.planet-ari-um.de\/wp-content\/uploads\/2016\/03\/kaisthermTri.jpg\" alt=\"kaisthermTri\" width=\"323\" height=\"215\" \/><\/a><\/p>\n<p><a href=\"https:\/\/blog.planet-ari-um.de\/wp-content\/uploads\/2014\/05\/KTherTr1.jpg\"><img loading=\"lazy\" decoding=\"async\" class=\"aligncenter wp-image-23171\" src=\"https:\/\/blog.planet-ari-um.de\/wp-content\/uploads\/2014\/05\/KTherTr1.jpg\" alt=\"KTherTr1\" width=\"324\" height=\"215\" \/><\/a><\/p>\n<p>Im Caf\u00e9 angekommen, goss es dann wahrhaftig in Str\u00f6men!<\/p>\n<p><a href=\"https:\/\/blog.planet-ari-um.de\/wp-content\/uploads\/2014\/05\/cafTr.jpg\"><img loading=\"lazy\" decoding=\"async\" class=\"alignnone wp-image-23174\" src=\"https:\/\/blog.planet-ari-um.de\/wp-content\/uploads\/2014\/05\/cafTr.jpg\" alt=\"cafTr\" width=\"203\" height=\"270\" \/><\/a>\u00a0<a href=\"https:\/\/blog.planet-ari-um.de\/wp-content\/uploads\/2016\/03\/kleiCafTri.jpg\" rel=\"attachment wp-att-29267\"><img loading=\"lazy\" decoding=\"async\" class=\"alignnone wp-image-29267\" src=\"https:\/\/blog.planet-ari-um.de\/wp-content\/uploads\/2016\/03\/kleiCafTri.jpg\" alt=\"kleiCafTri\" width=\"202\" height=\"271\" \/><\/a><a href=\"https:\/\/blog.planet-ari-um.de\/wp-content\/uploads\/2014\/05\/cafTr1.jpg\" rel=\"attachment wp-att-23175\" class=\"broken_link\"><br \/>\n<\/a><br \/>\nIch korrigiere mich &#8211; es ist wohl doch ein ausf\u00fchrlicher etwas gr\u00f6\u00dferer Nachtrag!<br \/>\nZwei letzte Bilder noch nach der Massage auf der Dachterrasse, dann ist aber gut:<\/p>\n<p><a href=\"https:\/\/blog.planet-ari-um.de\/wp-content\/uploads\/2014\/05\/dachterTr.jpg\"><img loading=\"lazy\" decoding=\"async\" class=\"alignnone wp-image-23178\" src=\"https:\/\/blog.planet-ari-um.de\/wp-content\/uploads\/2014\/05\/dachterTr.jpg\" alt=\"dachterTr\" width=\"254\" height=\"183\" \/><\/a> \u00a0<a href=\"https:\/\/blog.planet-ari-um.de\/wp-content\/uploads\/2014\/05\/dachTerTr1.jpg\"><img loading=\"lazy\" decoding=\"async\" class=\"alignnone wp-image-23179\" src=\"https:\/\/blog.planet-ari-um.de\/wp-content\/uploads\/2014\/05\/dachTerTr1.jpg\" alt=\"dachTerTr1\" width=\"152\" height=\"212\" \/><\/a><\/p>\n","protected":false},"excerpt":{"rendered":"<p>Ich habe gar nicht von unserer spontanen Privat-F\u00fchrung berichtet. Wir standen gerade in der Basilika (von innen habe ich gar kein Foto&#8230;) und \u00fcberlegten, wie wir am besten jetzt gehen&hellip; <\/p>\n","protected":false},"author":2,"featured_media":0,"comment_status":"open","ping_status":"open","sticky":false,"template":"","format":"standard","meta":{"footnotes":""},"categories":[26,18,39],"tags":[70],"class_list":["post-23165","post","type-post","status-publish","format-standard","hentry","category-familie","category-fotografie","category-kurz-trips","tag-trier"],"_links":{"self":[{"href":"https:\/\/blog.planet-ari-um.de\/index.php?rest_route=\/wp\/v2\/posts\/23165","targetHints":{"allow":["GET"]}}],"collection":[{"href":"https:\/\/blog.planet-ari-um.de\/index.php?rest_route=\/wp\/v2\/posts"}],"about":[{"href":"https:\/\/blog.planet-ari-um.de\/index.php?rest_route=\/wp\/v2\/types\/post"}],"author":[{"embeddable":true,"href":"https:\/\/blog.planet-ari-um.de\/index.php?rest_route=\/wp\/v2\/users\/2"}],"replies":[{"embeddable":true,"href":"https:\/\/blog.planet-ari-um.de\/index.php?rest_route=%2Fwp%2Fv2%2Fcomments&post=23165"}],"version-history":[{"count":5,"href":"https:\/\/blog.planet-ari-um.de\/index.php?rest_route=\/wp\/v2\/posts\/23165\/revisions"}],"predecessor-version":[{"id":46593,"href":"https:\/\/blog.planet-ari-um.de\/index.php?rest_route=\/wp\/v2\/posts\/23165\/revisions\/46593"}],"wp:attachment":[{"href":"https:\/\/blog.planet-ari-um.de\/index.php?rest_route=%2Fwp%2Fv2%2Fmedia&parent=23165"}],"wp:term":[{"taxonomy":"category","embeddable":true,"href":"https:\/\/blog.planet-ari-um.de\/index.php?rest_route=%2Fwp%2Fv2%2Fcategories&post=23165"},{"taxonomy":"post_tag","embeddable":true,"href":"https:\/\/blog.planet-ari-um.de\/index.php?rest_route=%2Fwp%2Fv2%2Ftags&post=23165"}],"curies":[{"name":"wp","href":"https:\/\/api.w.org\/{rel}","templated":true}]}}