{"id":2296,"date":"2010-01-03T00:52:38","date_gmt":"2010-01-02T23:52:38","guid":{"rendered":"http:\/\/www.planet-ari-um.de\/blubs\/?p=2296"},"modified":"2023-03-10T22:06:39","modified_gmt":"2023-03-10T21:06:39","slug":"letzter-tag-und-ruckreise","status":"publish","type":"post","link":"https:\/\/blog.planet-ari-um.de\/?p=2296","title":{"rendered":"letzter Tag und R\u00fcckreise"},"content":{"rendered":"<p>Heute war schon wieder der letzte Tag auf Borkum! Die Zeit geht dort immer sooo schnell um&#8230;<\/p>\n<p>Morgens mussten wir ja wieder recht fr\u00fch aufstehen, da wir bis 10:00 Uhr die Wohnung ger\u00e4umt haben mussten. Also haben wir es so gemacht wie es sich in den letzten Jahren auch bewert hat: alles gepackt, die Wohnung verlassen, die gro\u00dfen Reisetaschen am Bahnhof gelagert und dann zum Fr\u00fchst\u00fccken in ein Caf\u00e9 gegangen.<\/p>\n<p>Eigentlich wollten wir ins &#8222;Sturmeck&#8220;, das ist ein uriges Caf\u00e9 etwas au\u00dferhalb in den D\u00fcnen mit einem seeehr reichhaltigen Fr\u00fchst\u00fcck. Aber als wir heute morgen gegen 8:30 Uhr los gingen, war alles wirklich wei\u00df! Es hatte wohl die Nacht \u00fcber geschneit und war immer noch zu Gange&#8230;<\/p>\n<p>Tja, bis wir dann im &#8222;Sturmeck&#8220; gewesen w\u00e4ren, h\u00e4tten wir zu viel Zeit verloren. Also haben wir uns dazu entschieden, in unsere Lieblingskneipe zu gehen, wo es auch ein annehmbares Fr\u00fchst\u00fcck gibt. Die drei Kurzen sind nach dem Fr\u00fchst\u00fccken zum einkaufen gegangen ein paar Souvenirs einsacken. Wir sind zum Meer hoch und haben dort Leergut weggebracht und ein paar tolle Fotos gemacht! (Leider sehen die in der verkleinerten Form nicht so wirklich toll aus&#8230;)<\/p>\n<p style=\"text-align: center\"><a href=\"https:\/\/blog.planet-ari-um.de\/wp-content\/uploads\/2016\/04\/borischn.jpg\" rel=\"attachment wp-att-30626\"><img loading=\"lazy\" decoding=\"async\" class=\"aligncenter size-full wp-image-30626\" src=\"https:\/\/blog.planet-ari-um.de\/wp-content\/uploads\/2016\/04\/borischn.jpg\" alt=\"borischn\" width=\"401\" height=\"268\" \/><\/a><\/p>\n<p>Da es \u00fcberhaupt nicht aufh\u00f6ren wollte zu schneien, haben wir dann unser Treffen mit meiner alten Borkum-Freundin vorverlegt und sind eine F\u00e4hre eher gefahren. Denke, das war auch ganz gut so. 1. war die F\u00e4hre brechend voll, 2. war Emden auch nicht weniger wei\u00df als Borkum und 3. hatten wir ja noch ein gutes St\u00fcck zu fahren.<\/p>\n<p>Manche Leute sind sowas von doof, das gibt es gar nicht. Normalerweise ben\u00f6tigt die F\u00e4hre knapp zwei Stunden von Borkum nach Emden. Heute hatten sie aber durchgesagt, dass wir ungef\u00e4hr 2 Stunden und 15 Minuten ben\u00f6tigen werden &#8211; kein Wunder, so viele wie auf dem Schiff waren. Wir sa\u00dfen in der Gep\u00e4ckhalle auf unseren Taschen! Gut, dort sa\u00dfen wir also, eigentlich mehr oder weniger bequem. Bereits 15 Minuten vor der normalen eventuellen Ankunftzeit standen die ersten Deppen vor dem Ausgang. Es kommt IMMER eine Durchsage, wenn wir in der N\u00e4he des Hafens sind, dass man sich bereit machen kann. Ich glaube, manche Leute k\u00f6nnen es gar nicht eilig genug in den Alltagsstress haben&#8230; Echt total bescheuert, als ob wir deswegen schneller ankommen&#8230;<\/p>\n<p>Der &#8211; wie nennt man die Leute eigentlich, die auf dem Schiff arbeiten?? &#8211; nahm es auf jeden Fall mit Humor, als er zum Ausgang ging, um ihn zu entsichern &#8222;Wollen Sie hier schon aussteigen? Wir sind noch nicht da!&#8220;<\/p>\n<p>Auf dem Parkplatz der Borkumgaragen ging ein Auto, dass die Jungs angeschoben hatten, ab wie Schmitts Katze, weil ein Rad blockierte und die Bremse angefroren war. Da hab ich schon echt Bedenken bekommen, wie wir wohl nach Hause kommen. Ich glaube den Anderen ging es nicht anders. Aber au\u00dfer, dass es in und um Emden herum sehr wei\u00df, Stra\u00dfen inklusive und ein wenig rutschig war, sind wir gut durch gekommen&#8230;<\/p>\n<p>Ein kleiner Snack bei meinen Eltern und jetzt sind wir wieder zu Hause!<\/p>\n","protected":false},"excerpt":{"rendered":"<p>Heute war schon wieder der letzte Tag auf Borkum! Die Zeit geht dort immer sooo schnell um&#8230; Morgens mussten wir ja wieder recht fr\u00fch aufstehen, da wir bis 10:00 Uhr&hellip; <\/p>\n","protected":false},"author":2,"featured_media":0,"comment_status":"open","ping_status":"open","sticky":false,"template":"","format":"standard","meta":{"footnotes":""},"categories":[18,39],"tags":[42],"class_list":["post-2296","post","type-post","status-publish","format-standard","hentry","category-fotografie","category-kurz-trips","tag-borkum"],"_links":{"self":[{"href":"https:\/\/blog.planet-ari-um.de\/index.php?rest_route=\/wp\/v2\/posts\/2296","targetHints":{"allow":["GET"]}}],"collection":[{"href":"https:\/\/blog.planet-ari-um.de\/index.php?rest_route=\/wp\/v2\/posts"}],"about":[{"href":"https:\/\/blog.planet-ari-um.de\/index.php?rest_route=\/wp\/v2\/types\/post"}],"author":[{"embeddable":true,"href":"https:\/\/blog.planet-ari-um.de\/index.php?rest_route=\/wp\/v2\/users\/2"}],"replies":[{"embeddable":true,"href":"https:\/\/blog.planet-ari-um.de\/index.php?rest_route=%2Fwp%2Fv2%2Fcomments&post=2296"}],"version-history":[{"count":4,"href":"https:\/\/blog.planet-ari-um.de\/index.php?rest_route=\/wp\/v2\/posts\/2296\/revisions"}],"predecessor-version":[{"id":47244,"href":"https:\/\/blog.planet-ari-um.de\/index.php?rest_route=\/wp\/v2\/posts\/2296\/revisions\/47244"}],"wp:attachment":[{"href":"https:\/\/blog.planet-ari-um.de\/index.php?rest_route=%2Fwp%2Fv2%2Fmedia&parent=2296"}],"wp:term":[{"taxonomy":"category","embeddable":true,"href":"https:\/\/blog.planet-ari-um.de\/index.php?rest_route=%2Fwp%2Fv2%2Fcategories&post=2296"},{"taxonomy":"post_tag","embeddable":true,"href":"https:\/\/blog.planet-ari-um.de\/index.php?rest_route=%2Fwp%2Fv2%2Ftags&post=2296"}],"curies":[{"name":"wp","href":"https:\/\/api.w.org\/{rel}","templated":true}]}}