{"id":2289,"date":"2009-12-28T23:20:15","date_gmt":"2009-12-28T22:20:15","guid":{"rendered":"http:\/\/www.planet-ari-um.de\/blubs\/?p=2289"},"modified":"2020-08-06T23:16:50","modified_gmt":"2020-08-06T21:16:50","slug":"ankunft-auf-borkum","status":"publish","type":"post","link":"https:\/\/blog.planet-ari-um.de\/?p=2289","title":{"rendered":"Ankunft auf Borkum"},"content":{"rendered":"<p>Nach einer ziemlich kurzen Nacht sind wir nach einem leckeren Fr\u00fchst\u00fcck immer noch bei Schnee aufgebrochen. Wir sind gut durchgekommen und waren wie immer um 6:30 Uhr an den Borkum-Garagen. Das ist ja schon ziemlich ungewohnt, die Garagen im Dunklen zu erreichen und Weihnachtsschmuck zu sehen&#8230;<\/p>\n<p>Bevor wir auf die F\u00e4hre gehen konnten, hat es ziemlich gesch\u00fcttet, genau wie auf der Fahrt. Die gesamte Fahrt \u00fcber haben wir mehr oder weniger geschlafen. &#8222;Die schlafen ja auf dem Tisch.&#8220; Ja, und in allen m\u00f6glichen anderen unm\u00f6glichen Positionen&#8230; Als wir den Hafen von Borkum anliefen, schien die Sonne und der Himmel war blau. Es war sogar warm genug, bei der Zugfahrt drau\u00dfen zu bleiben.<\/p>\n<p>Nach dem Abladen der Taschen sind wir direkt ans Meer gegangen und haben eine Runde gedreht. Unsere Wohnung ist wieder sehr sch\u00f6n und diesmal haben wir auch wieder eine Sp\u00fclmaschine.<\/p>\n<p>Der Strand ist ohne die ganzen Strandk\u00f6rbe und -zelte und Liegest\u00fchle und Buden so gut wie nicht mehr wiederzuerkennen. Die Wellen waren richtig toll. Wenn es nicht so kalt gewesen w\u00e4re &#8211; jedenfalls um ins Wasser zu gehen &#8211; h\u00e4tten mich diese Wellen echt gelockt&#8230;<\/p>\n<p><a href=\"https:\/\/blog.planet-ari-um.de\/wp-content\/uploads\/2016\/04\/meeaubork.jpg\" rel=\"attachment wp-att-30628\"><img loading=\"lazy\" decoding=\"async\" class=\"aligncenter wp-image-30628\" src=\"https:\/\/blog.planet-ari-um.de\/wp-content\/uploads\/2016\/04\/meeaubork.jpg\" alt=\"meeaubork\" width=\"396\" height=\"264\" \/><\/a><\/p>\n<p style=\"text-align: center\"><img loading=\"lazy\" decoding=\"async\" class=\" wp-image-2319 aligncenter\" src=\"https:\/\/blog.planet-ari-um.de\/wp-content\/uploads\/umzug\/meer.jpg\" alt=\"meer\" width=\"247\" height=\"371\" \/><\/p>\n<p>Einer war mutig:<\/p>\n<p style=\"text-align: center\"><img loading=\"lazy\" decoding=\"async\" class=\"aligncenter wp-image-2325\" src=\"https:\/\/blog.planet-ari-um.de\/wp-content\/uploads\/umzug\/mutig.jpg\" alt=\"mutig\" width=\"362\" height=\"222\" \/><\/p>\n<p>Bis sp\u00e4t abends haben wir &#8222;Black stories&#8220; gespielt. Einige Filmr\u00e4tsel waren ja schon etwas schwachsinnig.<\/p>\n","protected":false},"excerpt":{"rendered":"<p>Nach einer ziemlich kurzen Nacht sind wir nach einem leckeren Fr\u00fchst\u00fcck immer noch bei Schnee aufgebrochen. Wir sind gut durchgekommen und waren wie immer um 6:30 Uhr an den Borkum-Garagen.&hellip; <\/p>\n","protected":false},"author":2,"featured_media":0,"comment_status":"open","ping_status":"open","sticky":false,"template":"","format":"standard","meta":{"footnotes":""},"categories":[18,39],"tags":[42],"class_list":["post-2289","post","type-post","status-publish","format-standard","hentry","category-fotografie","category-kurz-trips","tag-borkum"],"_links":{"self":[{"href":"https:\/\/blog.planet-ari-um.de\/index.php?rest_route=\/wp\/v2\/posts\/2289","targetHints":{"allow":["GET"]}}],"collection":[{"href":"https:\/\/blog.planet-ari-um.de\/index.php?rest_route=\/wp\/v2\/posts"}],"about":[{"href":"https:\/\/blog.planet-ari-um.de\/index.php?rest_route=\/wp\/v2\/types\/post"}],"author":[{"embeddable":true,"href":"https:\/\/blog.planet-ari-um.de\/index.php?rest_route=\/wp\/v2\/users\/2"}],"replies":[{"embeddable":true,"href":"https:\/\/blog.planet-ari-um.de\/index.php?rest_route=%2Fwp%2Fv2%2Fcomments&post=2289"}],"version-history":[{"count":4,"href":"https:\/\/blog.planet-ari-um.de\/index.php?rest_route=\/wp\/v2\/posts\/2289\/revisions"}],"predecessor-version":[{"id":43824,"href":"https:\/\/blog.planet-ari-um.de\/index.php?rest_route=\/wp\/v2\/posts\/2289\/revisions\/43824"}],"wp:attachment":[{"href":"https:\/\/blog.planet-ari-um.de\/index.php?rest_route=%2Fwp%2Fv2%2Fmedia&parent=2289"}],"wp:term":[{"taxonomy":"category","embeddable":true,"href":"https:\/\/blog.planet-ari-um.de\/index.php?rest_route=%2Fwp%2Fv2%2Fcategories&post=2289"},{"taxonomy":"post_tag","embeddable":true,"href":"https:\/\/blog.planet-ari-um.de\/index.php?rest_route=%2Fwp%2Fv2%2Ftags&post=2289"}],"curies":[{"name":"wp","href":"https:\/\/api.w.org\/{rel}","templated":true}]}}