{"id":22280,"date":"2014-03-05T15:13:29","date_gmt":"2014-03-05T14:13:29","guid":{"rendered":"http:\/\/www.planet-ari-um.de\/blubs\/?p=22280"},"modified":"2019-02-18T12:25:32","modified_gmt":"2019-02-18T11:25:32","slug":"bezaubernd","status":"publish","type":"post","link":"https:\/\/blog.planet-ari-um.de\/?p=22280","title":{"rendered":"bezaaaubernd&#8230;"},"content":{"rendered":"<p>In der letzten Zeit schlafe ich irgendwie besch&#8230; Ich bin nicht erk\u00e4ltet und nix und wenn ich auf bin, ist meine Nase frei und mein Hals ok. Sobald ich mich ins Bett lege, geht meine Nase zu und ich muss die ganze Zeit husten und mich r\u00e4uspern, weil ich die ganze Zeit das Gef\u00fchl habe, als ob mir irgendwas im Hals h\u00e4ngt! Das ist vielleicht nervt\u00f6tend!<\/p>\n<p>Was hasse ich Leute, die meinen, sie m\u00fcssten mindestens 10 km\/h langsamer als erlaubt fahren, nur weil in der Zeitung angek\u00fcndigt wurde, dass in einem bestimmten Bereich geblitzt wird.<\/p>\n<p>So Leute hatte ich heute sowohl auf dem Hin- als auch R\u00fcckweg vor mir. Gaaanz toll!<\/p>\n<p>Im Teilstandort war heute ein geballter Doppel-Montag. Dort war ja gestern auch noch frei und die Kinder hatten heute alle derma\u00dfen einen an der Waffel, das war echt nicht sch\u00f6n! Normaler Weise ist Mittwoch ein recht gem\u00fctlicher, angenehmer Tag, aber heute war es einfach nur \u00e4tzend! Da waren wir uns alle einig!<\/p>\n<p>Und was ist eigentlich mit der Sonne, die f\u00fcr heute angek\u00fcndigt war. Eigentlich sollte es die ganze Woche doch sch\u00f6n sein!\u00a0Aber jetzt ist es bew\u00f6lkt und die Vorhersage, sieht auch schon wieder anders aus&#8230;<\/p>\n","protected":false},"excerpt":{"rendered":"<p>In der letzten Zeit schlafe ich irgendwie besch&#8230; Ich bin nicht erk\u00e4ltet und nix und wenn ich auf bin, ist meine Nase frei und mein Hals ok. Sobald ich mich&hellip; <\/p>\n","protected":false},"author":2,"featured_media":0,"comment_status":"open","ping_status":"open","sticky":false,"template":"","format":"standard","meta":{"footnotes":""},"categories":[8,33],"tags":[],"class_list":["post-22280","post","type-post","status-publish","format-standard","hentry","category-schule","category-wetter"],"_links":{"self":[{"href":"https:\/\/blog.planet-ari-um.de\/index.php?rest_route=\/wp\/v2\/posts\/22280","targetHints":{"allow":["GET"]}}],"collection":[{"href":"https:\/\/blog.planet-ari-um.de\/index.php?rest_route=\/wp\/v2\/posts"}],"about":[{"href":"https:\/\/blog.planet-ari-um.de\/index.php?rest_route=\/wp\/v2\/types\/post"}],"author":[{"embeddable":true,"href":"https:\/\/blog.planet-ari-um.de\/index.php?rest_route=\/wp\/v2\/users\/2"}],"replies":[{"embeddable":true,"href":"https:\/\/blog.planet-ari-um.de\/index.php?rest_route=%2Fwp%2Fv2%2Fcomments&post=22280"}],"version-history":[{"count":1,"href":"https:\/\/blog.planet-ari-um.de\/index.php?rest_route=\/wp\/v2\/posts\/22280\/revisions"}],"predecessor-version":[{"id":38978,"href":"https:\/\/blog.planet-ari-um.de\/index.php?rest_route=\/wp\/v2\/posts\/22280\/revisions\/38978"}],"wp:attachment":[{"href":"https:\/\/blog.planet-ari-um.de\/index.php?rest_route=%2Fwp%2Fv2%2Fmedia&parent=22280"}],"wp:term":[{"taxonomy":"category","embeddable":true,"href":"https:\/\/blog.planet-ari-um.de\/index.php?rest_route=%2Fwp%2Fv2%2Fcategories&post=22280"},{"taxonomy":"post_tag","embeddable":true,"href":"https:\/\/blog.planet-ari-um.de\/index.php?rest_route=%2Fwp%2Fv2%2Ftags&post=22280"}],"curies":[{"name":"wp","href":"https:\/\/api.w.org\/{rel}","templated":true}]}}