{"id":22243,"date":"2014-07-21T18:59:29","date_gmt":"2014-07-21T16:59:29","guid":{"rendered":"http:\/\/www.planet-ari-um.de\/blubs\/?p=22243"},"modified":"2025-10-08T16:36:23","modified_gmt":"2025-10-08T14:36:23","slug":"festung-koenigstein","status":"publish","type":"post","link":"https:\/\/blog.planet-ari-um.de\/?p=22243","title":{"rendered":"Festung K\u00f6nigstein"},"content":{"rendered":"<p>8 \u20ac Eintritt, bei &#8222;Registrierung&#8220; innerhalb von 7 Tagen erneuter kostenloser Besuch &#8211; sehr sch\u00f6n!<\/p>\n<p><em>Reisef\u00fchrer und Co.:<\/em><\/p>\n<p>In der Festung K\u00f6nigstein vereint sich ein\u00a0eindrucksvolles Ensemble von Bauwerken der Sp\u00e4tgotik, der Renaissance, des Barock und des 19. Jahrhunderts.<\/p>\n<p>Bereits 1233 wurde die Burg auf dem K\u00f6nigstein erstmals erw\u00e4hnt.<\/p>\n<p>Von 1516 bis 1524 befand sich in der Anlage ein Kloster. Es bezogen zw\u00f6lf C\u00f6lestinerm\u00f6nche und ein Prior das &#8222;Kloster des Lobes der Wunder Mariae&#8220;.<\/p>\n<p>1589 begann der Ausbau der Burg zur Landesfestung. Auf Grund der milit\u00e4rischen Uneinnehmbarkeit des K\u00f6nigsteins suchten die s\u00e4chsischen Landesherren in unruhigen Zeiten hinter den dicken Mauern Zuflucht und bewahrten hier Sch\u00e4tze auf. Wegen seiner landschaftlich reizvollen Lage war der K\u00f6nigstein auch beliebtes Ausflugsziel des Hofes.<\/p>\n<p>Bis 1922 war der K\u00f6nigstein das gef\u00fcrchtetste Staatsgef\u00e4ngnis Sachsens. Bereits 1591 wurde der erste Staatsgefangene dort eingekerkert.<\/p>\n<p>1955 wurde die 9,5 ha gro\u00dfe Festung als Freilichtmuseum der \u00d6ffentlichkeit zur Verf\u00fcgung gestellt.<\/p>\n<p style=\"text-align: center\"><img loading=\"lazy\" decoding=\"async\" class=\"aligncenter\" style=\"border: 0px\" src=\"https:\/\/blog.planet-ari-um.de\/wp-content\/uploads\/2014\/03\/ornam.jpg\" alt=\"ornam\" width=\"88\" height=\"48\" \/><\/p>\n<p>Heute stand Festung K\u00f6nigstein auf dem Plan.<\/p>\n<p>Nach dem Fr\u00fchst\u00fcck haben wir uns ins Auto geschwungen und sind zur Festung gefahren. Zu Beginn hat es immer mal wieder geregnet. Im Laufe des Tages ist es zwar nicht sonnig, aber immerhin doch trocken geworden.<\/p>\n<p>Ein wenig bl\u00f6d war, dass die Festung momentan gr\u00fcn war &#8211; auf der &#8222;Aufgangsseite&#8220; komplett einget\u00fctet und einger\u00fcstet. Viele Geb\u00e4ude waren geschlossen und wurden renoviert&#8230;<\/p>\n<p>Trotzdem haben wir viele sch\u00f6ne Fotos machen k\u00f6nnen.<\/p>\n<p><a href=\"https:\/\/blog.planet-ari-um.de\/wp-content\/uploads\/2014\/08\/weinkFestK\u00f6.jpg\"><img loading=\"lazy\" decoding=\"async\" class=\"aligncenter wp-image-24127\" src=\"https:\/\/blog.planet-ari-um.de\/wp-content\/uploads\/2014\/08\/weinkFestK\u00f6.jpg\" alt=\"weinkFestK\u00f6\" width=\"239\" height=\"358\" \/><\/a><\/p>\n<p><a href=\"https:\/\/blog.planet-ari-um.de\/wp-content\/uploads\/2016\/03\/kellinFest.jpg\" rel=\"attachment wp-att-29169\"><img loading=\"lazy\" decoding=\"async\" class=\"aligncenter wp-image-29169\" src=\"https:\/\/blog.planet-ari-um.de\/wp-content\/uploads\/2016\/03\/kellinFest.jpg\" alt=\"kellinFest\" width=\"241\" height=\"366\" \/><\/a><\/p>\n<p><a href=\"https:\/\/blog.planet-ari-um.de\/wp-content\/uploads\/2016\/03\/bluimGarFest.jpg\" rel=\"attachment wp-att-29170\"><img loading=\"lazy\" decoding=\"async\" class=\"aligncenter wp-image-29170\" src=\"https:\/\/blog.planet-ari-um.de\/wp-content\/uploads\/2016\/03\/bluimGarFest.jpg\" alt=\"bluimGarFest\" width=\"385\" height=\"277\" \/><\/a><\/p>\n<p><a href=\"https:\/\/blog.planet-ari-um.de\/wp-content\/uploads\/2016\/03\/kleiTuerFest.jpg\" rel=\"attachment wp-att-29171\"><img loading=\"lazy\" decoding=\"async\" class=\"aligncenter wp-image-29171\" src=\"https:\/\/blog.planet-ari-um.de\/wp-content\/uploads\/2016\/03\/kleiTuerFest.jpg\" alt=\"kleiTuerFest\" width=\"256\" height=\"385\" \/><\/a><\/p>\n<p><a href=\"https:\/\/blog.planet-ari-um.de\/wp-content\/uploads\/2016\/03\/kleiTuerFest1.jpg\" rel=\"attachment wp-att-29172\"><img loading=\"lazy\" decoding=\"async\" class=\"aligncenter wp-image-29172\" src=\"https:\/\/blog.planet-ari-um.de\/wp-content\/uploads\/2016\/03\/kleiTuerFest1.jpg\" alt=\"kleiTuerFest1\" width=\"258\" height=\"390\" \/><\/a><\/p>\n","protected":false},"excerpt":{"rendered":"<p>8 \u20ac Eintritt, bei &#8222;Registrierung&#8220; innerhalb von 7 Tagen erneuter kostenloser Besuch &#8211; sehr sch\u00f6n! Reisef\u00fchrer und Co.: In der Festung K\u00f6nigstein vereint sich ein\u00a0eindrucksvolles Ensemble von Bauwerken der Sp\u00e4tgotik,&hellip; <\/p>\n","protected":false},"author":2,"featured_media":0,"comment_status":"open","ping_status":"open","sticky":false,"template":"","format":"standard","meta":{"footnotes":""},"categories":[18,12,13],"tags":[72],"class_list":["post-22243","post","type-post","status-publish","format-standard","hentry","category-fotografie","category-urlaub","category-wandern","tag-elbsandsteingebirge"],"_links":{"self":[{"href":"https:\/\/blog.planet-ari-um.de\/index.php?rest_route=\/wp\/v2\/posts\/22243","targetHints":{"allow":["GET"]}}],"collection":[{"href":"https:\/\/blog.planet-ari-um.de\/index.php?rest_route=\/wp\/v2\/posts"}],"about":[{"href":"https:\/\/blog.planet-ari-um.de\/index.php?rest_route=\/wp\/v2\/types\/post"}],"author":[{"embeddable":true,"href":"https:\/\/blog.planet-ari-um.de\/index.php?rest_route=\/wp\/v2\/users\/2"}],"replies":[{"embeddable":true,"href":"https:\/\/blog.planet-ari-um.de\/index.php?rest_route=%2Fwp%2Fv2%2Fcomments&post=22243"}],"version-history":[{"count":2,"href":"https:\/\/blog.planet-ari-um.de\/index.php?rest_route=\/wp\/v2\/posts\/22243\/revisions"}],"predecessor-version":[{"id":48388,"href":"https:\/\/blog.planet-ari-um.de\/index.php?rest_route=\/wp\/v2\/posts\/22243\/revisions\/48388"}],"wp:attachment":[{"href":"https:\/\/blog.planet-ari-um.de\/index.php?rest_route=%2Fwp%2Fv2%2Fmedia&parent=22243"}],"wp:term":[{"taxonomy":"category","embeddable":true,"href":"https:\/\/blog.planet-ari-um.de\/index.php?rest_route=%2Fwp%2Fv2%2Fcategories&post=22243"},{"taxonomy":"post_tag","embeddable":true,"href":"https:\/\/blog.planet-ari-um.de\/index.php?rest_route=%2Fwp%2Fv2%2Ftags&post=22243"}],"curies":[{"name":"wp","href":"https:\/\/api.w.org\/{rel}","templated":true}]}}