{"id":22241,"date":"2014-07-22T23:09:17","date_gmt":"2014-07-22T21:09:17","guid":{"rendered":"http:\/\/www.planet-ari-um.de\/blubs\/?p=22241"},"modified":"2020-06-26T22:53:54","modified_gmt":"2020-06-26T20:53:54","slug":"lilienstein","status":"publish","type":"post","link":"https:\/\/blog.planet-ari-um.de\/?p=22241","title":{"rendered":"Lilienstein"},"content":{"rendered":"<p>Tafelberg: 5 km, ca. 2 Stunden, 302 m H\u00f6henunterschied<\/p>\n<p><em>Reisef\u00fchrer und Co.:<\/em><\/p>\n<p>Der\u00a0Lilienstein\u00a0ist einer der markantesten Berge in der\u00a0S\u00e4chsischen Schweiz\u00a0in\u00a0Sachsen. Er ist der einzige\u00a0rechtselbische\u00a0Tafelberg\u00a0und stellt das Symbol des\u00a0Nationalparks S\u00e4chsische Schweiz\u00a0dar.<\/p>\n<p>Arch\u00e4ologische Grabungen ergaben eine fr\u00fche\u00a0jungsteinzeitliche\u00a0Besiedlung im 9. bis 6. Jahrhundert v. Chr., es fanden sich Steinbeile und \u00c4xte.<\/p>\n<p>Eine erste urkundliche Nennung des Liliensteins erfolgte 1379, er wurde als \u201eYlgenstein\u201c bezeichnet, aus dieser Zeit stammt vermutlich die Felszeichnung eines Kreuzes am S\u00fcdaufstieg. Bereits im hohen\u00a0Mittelalter\u00a0(um 1200) gab es eine kleine\u00a0b\u00f6hmische\u00a0Burg auf dem Lilienstein, die\u00a0Burg Lilienstein.<\/p>\n<p>Am Lilienstein wurde ab 1989 damit begonnen, wieder\u00a0Wanderfalken\u00a0in der S\u00e4chsischen Schweiz anzusiedeln, nachdem diese Greifv\u00f6gel schon in den 1970er Jahren dort ausgestorben waren.<\/p>\n<p style=\"text-align: center\"><img loading=\"lazy\" decoding=\"async\" class=\"aligncenter\" style=\"border: 0px\" src=\"https:\/\/blog.planet-ari-um.de\/wp-content\/uploads\/2014\/03\/ornam.jpg\" alt=\"ornam\" width=\"88\" height=\"48\" \/><\/p>\n<p>Wir haben uns heute ein wenig getrennt. Der Hamsta und ich sind von K\u00f6nigstein gestartet, so wie es im Wanderreisef\u00fchrer stand. Also sind wir mit dem Zug nach K\u00f6nigstein, haben uns \u00fcbersetzen lassen und sind einen wundersch\u00f6nen aber steilen Weg nach oben auf den Tafelberg gewandert.<\/p>\n<p><a href=\"https:\/\/blog.planet-ari-um.de\/wp-content\/uploads\/2014\/08\/lilienstAufs1.jpg\"><img loading=\"lazy\" decoding=\"async\" class=\"alignnone wp-image-24140\" src=\"https:\/\/blog.planet-ari-um.de\/wp-content\/uploads\/2014\/08\/lilienstAufs1.jpg\" alt=\"lilienstAufs1\" width=\"196\" height=\"295\" \/><\/a> \u00a0<a href=\"https:\/\/blog.planet-ari-um.de\/wp-content\/uploads\/2014\/08\/lilienstAufst.jpg\"><img loading=\"lazy\" decoding=\"async\" class=\"alignnone wp-image-24141\" src=\"https:\/\/blog.planet-ari-um.de\/wp-content\/uploads\/2014\/08\/lilienstAufst.jpg\" alt=\"lilienstAufst\" width=\"202\" height=\"295\" \/><\/a><\/p>\n<p>Diesen Weg plus den R\u00fcckweg haben nur ca. 5 km in Anspruch genommen. Das war meinem Lieben zu wenig. Er ist also erst zum Rauenstein hoch, auf der anderen Seite runter, nach Rathen und von da aus dann auf den Lilienstein hoch.<\/p>\n<p><a href=\"https:\/\/blog.planet-ari-um.de\/wp-content\/uploads\/2016\/03\/BliaufLilie.jpg\" rel=\"attachment wp-att-29167\"><img loading=\"lazy\" decoding=\"async\" class=\"aligncenter wp-image-29167\" src=\"https:\/\/blog.planet-ari-um.de\/wp-content\/uploads\/2016\/03\/BliaufLilie.jpg\" alt=\"BliaufLilie\" width=\"377\" height=\"252\" \/><\/a><\/p>\n<p>An der kleinen Gastst\u00e4tte oben haben wir uns dann getroffen.<\/p>\n<p>Anschlie\u00dfend sind wir dann noch zu einer Aussichtsplattform mit einem Obelisken gegangen, haben uns dort die tollen Felsen und Felsvorspr\u00fcnge angesehen. Es ist ja schon immer etwas nervenaufreibend, wenn man so in die Tiefe gucken kann&#8230;<\/p>\n<p>Nach ein paar Fotos haben wir uns dann erst mal wieder getrennt. Beide Parteien sind den jeweils noch fehlenden Weg nach unten gegangen. Wir waren den S\u00fcdaufstieg hoch, mein Lieber den Nordaufstieg. Auf dem R\u00fcckweg sind wir genau anders herum gegangen.<\/p>\n<p><a href=\"https:\/\/blog.planet-ari-um.de\/wp-content\/uploads\/2014\/08\/klDraLili.jpg\"><img loading=\"lazy\" decoding=\"async\" class=\"alignnone wp-image-24144\" src=\"https:\/\/blog.planet-ari-um.de\/wp-content\/uploads\/2014\/08\/klDraLili.jpg\" alt=\"klDraLili\" width=\"207\" height=\"296\" \/><\/a> \u00a0<a href=\"https:\/\/blog.planet-ari-um.de\/wp-content\/uploads\/2014\/08\/bluLilist.jpg\"><img loading=\"lazy\" decoding=\"async\" class=\"alignnone wp-image-24143\" src=\"https:\/\/blog.planet-ari-um.de\/wp-content\/uploads\/2014\/08\/bluLilist.jpg\" alt=\"bluLilist\" width=\"199\" height=\"142\" \/><\/a><\/p>\n<p>Eigentlich wollten wir uns in Wehlen wieder treffen, aber durch Zufall haben wir uns an einer Weggabelung getroffen, sind dann gemeinsam erst nach Rathen und von da aus mit einem kleinen Eis auf der Hand nach Wehlen gegangen und haben bei der Nudelmanufaktur (?) zu Abend gegessen.<\/p>\n<p>Bei sch\u00f6nstem Abendrot sind wir \u00fcbergesetzt und wollten auf unser Zimmer. Kaum bogen wir sozusagen von der Elbe aus um die Ecke unseres Hotels h\u00f6rten wir ein nervt\u00f6tendes Pieeepen.<\/p>\n<p>Nein, wir leiden nicht an gemeinschaftlichem Tinitus, irgendwas fiiiepst und pieepst hier und h\u00f6rt leider gar nicht auf. Heute bin ich tats\u00e4chlich mal froh, wenn der Zug vorbeirast, dann h\u00f6rt man es wenigstens ein paar Minuten nicht mehr. Dabei wird man ganz ramd\u00f6sig in der Birne. Ich hoffe, ich kann heute Nacht \u00fcberhaupt schlafen&#8230;<\/p>\n<p>F\u00fcr die n\u00f6tige Bettschwere sorgt hoffentlich ein Met.<\/p>\n","protected":false},"excerpt":{"rendered":"<p>Tafelberg: 5 km, ca. 2 Stunden, 302 m H\u00f6henunterschied Reisef\u00fchrer und Co.: Der\u00a0Lilienstein\u00a0ist einer der markantesten Berge in der\u00a0S\u00e4chsischen Schweiz\u00a0in\u00a0Sachsen. Er ist der einzige\u00a0rechtselbische\u00a0Tafelberg\u00a0und stellt das Symbol des\u00a0Nationalparks S\u00e4chsische Schweiz\u00a0dar.&hellip; <\/p>\n","protected":false},"author":2,"featured_media":0,"comment_status":"open","ping_status":"open","sticky":false,"template":"","format":"standard","meta":{"footnotes":""},"categories":[18,12,13],"tags":[72],"class_list":["post-22241","post","type-post","status-publish","format-standard","hentry","category-fotografie","category-urlaub","category-wandern","tag-elbsandsteingebirge"],"_links":{"self":[{"href":"https:\/\/blog.planet-ari-um.de\/index.php?rest_route=\/wp\/v2\/posts\/22241","targetHints":{"allow":["GET"]}}],"collection":[{"href":"https:\/\/blog.planet-ari-um.de\/index.php?rest_route=\/wp\/v2\/posts"}],"about":[{"href":"https:\/\/blog.planet-ari-um.de\/index.php?rest_route=\/wp\/v2\/types\/post"}],"author":[{"embeddable":true,"href":"https:\/\/blog.planet-ari-um.de\/index.php?rest_route=\/wp\/v2\/users\/2"}],"replies":[{"embeddable":true,"href":"https:\/\/blog.planet-ari-um.de\/index.php?rest_route=%2Fwp%2Fv2%2Fcomments&post=22241"}],"version-history":[{"count":3,"href":"https:\/\/blog.planet-ari-um.de\/index.php?rest_route=\/wp\/v2\/posts\/22241\/revisions"}],"predecessor-version":[{"id":43308,"href":"https:\/\/blog.planet-ari-um.de\/index.php?rest_route=\/wp\/v2\/posts\/22241\/revisions\/43308"}],"wp:attachment":[{"href":"https:\/\/blog.planet-ari-um.de\/index.php?rest_route=%2Fwp%2Fv2%2Fmedia&parent=22241"}],"wp:term":[{"taxonomy":"category","embeddable":true,"href":"https:\/\/blog.planet-ari-um.de\/index.php?rest_route=%2Fwp%2Fv2%2Fcategories&post=22241"},{"taxonomy":"post_tag","embeddable":true,"href":"https:\/\/blog.planet-ari-um.de\/index.php?rest_route=%2Fwp%2Fv2%2Ftags&post=22241"}],"curies":[{"name":"wp","href":"https:\/\/api.w.org\/{rel}","templated":true}]}}