{"id":20930,"date":"2013-12-04T14:53:35","date_gmt":"2013-12-04T13:53:35","guid":{"rendered":"http:\/\/www.planet-ari-um.de\/blubs\/?p=20930"},"modified":"2013-12-04T14:53:35","modified_gmt":"2013-12-04T13:53:35","slug":"smart-tv","status":"publish","type":"post","link":"https:\/\/blog.planet-ari-um.de\/?p=20930","title":{"rendered":"Smart-TV"},"content":{"rendered":"<p>Nachdem wir uns ja schon letztes Jahr zu Weihnachten einen Smart-TV bzw. ein wenig &#8222;Unterst\u00fctzung&#8220; daf\u00fcr gew\u00fcnscht hatten, haben wir jetzt dann doch einen gekauft.<\/p>\n<p>Unser alter, mittlerweile mindestens 8 Jahre alter TV, ging in letzter Zeit st\u00e4ndig zwischendurch einfach mal so aus. Gut, wir haben ja unseren tollen Receiver, bei dem man das TV-Programm anhalten oder zur\u00fcckspulen kann, aber toll ist das trotzdem nicht, wenn mitten im Film das Bild weg ist&#8230;<\/p>\n<p>Vor einiger Zeit waren wir in Wuppertal und haben mal nach TVs geguckt. Wir flogen beide auf einen schicken mit einem ganz schmalen silberfarbenen matten Rahmen. Der hatte aber auch einen schicken Preis.<\/p>\n<p>Letzte Woche haben wir dann doch zugeschlagen. Papa war gestern unser TV-W\u00e4chter und hat bei uns gewartet bis der TV morgens endlich geliefert wurde.<\/p>\n<p>Als ich nach Hause kam, traf mich ja bald der Schlag als ich den Riesenkarton gesehen habe. Der ist fast so hoch wie ich und ca. 1,10 m breit. Jaja, das meiste davon ist Karton &#8211; war auch so &#8211; aber so ein Riesenkarton haut einen doch erst mal um&#8230;<\/p>\n<p>Gestern Abend haben wir also unser neues Prachtst\u00fcck ausgepackt. Wir mussten aber im Wohnzimmer etwas umbauen, weil es sonst mit unserer Schr\u00e4gen nicht gepasst h\u00e4tte&#8230;<\/p>\n<p>Aber wir sind jetzt gl\u00fccklich und zufrieden so wie es aussieht!<\/p>\n","protected":false},"excerpt":{"rendered":"<p>Nachdem wir uns ja schon letztes Jahr zu Weihnachten einen Smart-TV bzw. ein wenig &#8222;Unterst\u00fctzung&#8220; daf\u00fcr gew\u00fcnscht hatten, haben wir jetzt dann doch einen gekauft. Unser alter, mittlerweile mindestens 8&hellip; <\/p>\n","protected":false},"author":2,"featured_media":0,"comment_status":"open","ping_status":"open","sticky":false,"template":"","format":"standard","meta":{"footnotes":""},"categories":[16],"tags":[],"class_list":["post-20930","post","type-post","status-publish","format-standard","hentry","category-alltag"],"_links":{"self":[{"href":"https:\/\/blog.planet-ari-um.de\/index.php?rest_route=\/wp\/v2\/posts\/20930","targetHints":{"allow":["GET"]}}],"collection":[{"href":"https:\/\/blog.planet-ari-um.de\/index.php?rest_route=\/wp\/v2\/posts"}],"about":[{"href":"https:\/\/blog.planet-ari-um.de\/index.php?rest_route=\/wp\/v2\/types\/post"}],"author":[{"embeddable":true,"href":"https:\/\/blog.planet-ari-um.de\/index.php?rest_route=\/wp\/v2\/users\/2"}],"replies":[{"embeddable":true,"href":"https:\/\/blog.planet-ari-um.de\/index.php?rest_route=%2Fwp%2Fv2%2Fcomments&post=20930"}],"version-history":[{"count":0,"href":"https:\/\/blog.planet-ari-um.de\/index.php?rest_route=\/wp\/v2\/posts\/20930\/revisions"}],"wp:attachment":[{"href":"https:\/\/blog.planet-ari-um.de\/index.php?rest_route=%2Fwp%2Fv2%2Fmedia&parent=20930"}],"wp:term":[{"taxonomy":"category","embeddable":true,"href":"https:\/\/blog.planet-ari-um.de\/index.php?rest_route=%2Fwp%2Fv2%2Fcategories&post=20930"},{"taxonomy":"post_tag","embeddable":true,"href":"https:\/\/blog.planet-ari-um.de\/index.php?rest_route=%2Fwp%2Fv2%2Ftags&post=20930"}],"curies":[{"name":"wp","href":"https:\/\/api.w.org\/{rel}","templated":true}]}}