{"id":20762,"date":"2013-11-12T17:10:13","date_gmt":"2013-11-12T16:10:13","guid":{"rendered":"http:\/\/www.planet-ari-um.de\/blubs\/?p=20762"},"modified":"2022-06-11T00:18:05","modified_gmt":"2022-06-10T22:18:05","slug":"wind","status":"publish","type":"post","link":"https:\/\/blog.planet-ari-um.de\/?p=20762","title":{"rendered":"Wind"},"content":{"rendered":"<p>Wind ist &#8211;\u00a0wie eigentlich alle Naturph\u00e4nomene &#8211; einfach nur beeindruckend.<\/p>\n<p>Und f\u00fcr uns Menschen, wenn die Natur zeigt, was sie alles kann &#8211; nicht selten be\u00e4ngstigend.<\/p>\n<p>Ich versuche mir seit Tagen vorzustellen wie so ein Taifun ist. Windst\u00e4rken von 360 Stundenkilometern ist f\u00fcr Mitteleurop\u00e4er einfach irgendwie nicht fassbar!<\/p>\n<p>In einem Sommerurlaub auf Borkum hie\u00df es einmal von den Bademeistern, wir sollten alle den Strand so schnell wie m\u00f6glich verlassen. Da kam eine kurze aber f\u00fcr unsere Verh\u00e4ltnisse wirklich heftige B\u00f6e angesaust und hat selbst die Strandzelte durch die Luft geschmissen.<\/p>\n<p>Unser Orkan Kyrill 2007 pfiff mit bis zu 225 km\/h um die H\u00e4user und uns hier oben unterm Dach geh\u00f6rig &#8222;ums Bett&#8220; geweht. Am n\u00e4chsten Tag lagen B\u00e4ume quer \u00fcber den Stra\u00dfen und viele Strecken waren gesperrt oder nur schwer befahrbar.<\/p>\n<p>Aber selbst das war ja anscheinend nur eine leichte Brise im Vergleich zu dem Taifun Haiyan, der jetzt \u00fcber die Philippinen gerast ist.<\/p>\n<p>Von jetzt auf gleich, innerhalb von Sekunden, alles zu verlieren, ist wirklich ein be\u00e4ngstigender Gedanke. Vor allen Dingen: man kann absolut nichts dagegen unternehmen. Ein Taifun wird sich herzlich wenig davon beeindrucken lassen, wenn man sein Hab und Gut festzurrt&#8230;<\/p>\n<p>Was ich pers\u00f6nlich jetzt an dieser Naturkatastrophe am traurigsten finde, ist, dass es mal wieder die \u00e4rmsten Menschen \u00fcberhaupt getroffen hat!<\/p>\n<p>Wenn man ein paar Millionen auf seinem Konto hat, ist es \u00e4rgerlich, wenn das Haus pl\u00f6tzlich weg ist. Aber, was soll&#8217;s?! Da w\u00e4re dann ja genug Geld da, um einfach ein Neues zu bauen&#8230;<\/p>\n","protected":false},"excerpt":{"rendered":"<p>Wind ist &#8211;\u00a0wie eigentlich alle Naturph\u00e4nomene &#8211; einfach nur beeindruckend. Und f\u00fcr uns Menschen, wenn die Natur zeigt, was sie alles kann &#8211; nicht selten be\u00e4ngstigend. Ich versuche mir seit&hellip; <\/p>\n","protected":false},"author":2,"featured_media":0,"comment_status":"open","ping_status":"open","sticky":false,"template":"","format":"standard","meta":{"footnotes":""},"categories":[7,11],"tags":[],"class_list":["post-20762","post","type-post","status-publish","format-standard","hentry","category-die-welt","category-zum-nachdenken"],"_links":{"self":[{"href":"https:\/\/blog.planet-ari-um.de\/index.php?rest_route=\/wp\/v2\/posts\/20762","targetHints":{"allow":["GET"]}}],"collection":[{"href":"https:\/\/blog.planet-ari-um.de\/index.php?rest_route=\/wp\/v2\/posts"}],"about":[{"href":"https:\/\/blog.planet-ari-um.de\/index.php?rest_route=\/wp\/v2\/types\/post"}],"author":[{"embeddable":true,"href":"https:\/\/blog.planet-ari-um.de\/index.php?rest_route=\/wp\/v2\/users\/2"}],"replies":[{"embeddable":true,"href":"https:\/\/blog.planet-ari-um.de\/index.php?rest_route=%2Fwp%2Fv2%2Fcomments&post=20762"}],"version-history":[{"count":2,"href":"https:\/\/blog.planet-ari-um.de\/index.php?rest_route=\/wp\/v2\/posts\/20762\/revisions"}],"predecessor-version":[{"id":46626,"href":"https:\/\/blog.planet-ari-um.de\/index.php?rest_route=\/wp\/v2\/posts\/20762\/revisions\/46626"}],"wp:attachment":[{"href":"https:\/\/blog.planet-ari-um.de\/index.php?rest_route=%2Fwp%2Fv2%2Fmedia&parent=20762"}],"wp:term":[{"taxonomy":"category","embeddable":true,"href":"https:\/\/blog.planet-ari-um.de\/index.php?rest_route=%2Fwp%2Fv2%2Fcategories&post=20762"},{"taxonomy":"post_tag","embeddable":true,"href":"https:\/\/blog.planet-ari-um.de\/index.php?rest_route=%2Fwp%2Fv2%2Ftags&post=20762"}],"curies":[{"name":"wp","href":"https:\/\/api.w.org\/{rel}","templated":true}]}}