{"id":20214,"date":"2013-09-25T15:51:24","date_gmt":"2013-09-25T13:51:24","guid":{"rendered":"http:\/\/www.planet-ari-um.de\/blubs\/?p=20214"},"modified":"2019-02-19T15:44:17","modified_gmt":"2019-02-19T14:44:17","slug":"nairobi","status":"publish","type":"post","link":"https:\/\/blog.planet-ari-um.de\/?p=20214","title":{"rendered":"Nairobi"},"content":{"rendered":"<p>So etwas kann man sich echt nicht vorstellen.<\/p>\n<p>Dass in\u00a0Nairobi bewaffnete Islamisten\u00a0ein Einkaufszentrum st\u00fcrmen und dort einfach Menschen erschie\u00dfen oder als Geiseln nehmen, ist schon nicht nachvollziehbar.<\/p>\n<p>Jedenfalls tue ich mich unglaublich schwer damit, mir das \u00fcberhaupt nur vorzustellen.<\/p>\n<p>Aber dann entsprechende Fotos dazu im Netz zu sehen&#8230; Es macht das Ganze zwar realer, aber dennoch nicht fassbarer!<\/p>\n<p>Es ist eine wirklich grauenhafte Vorstellung, w\u00e4hrend man etwas so allt\u00e4gliches, normales macht wie einkaufen, pl\u00f6tzlich in eine Schie\u00dferei zu geraten.<\/p>\n<p>Ich glaube, &#8222;europ\u00e4ische Hirne&#8220; k\u00f6nnen sich so etwas einfach nicht vorstellen.<\/p>\n<p>Auch wenn das Leben in Nairobi mit Sicherheit nicht so gem\u00fctlich und beh\u00fctet vor sich geht wie bei uns, ist das hoffentlich auch dort nicht der Alltag!<\/p>\n<p>Besonders krass fand ich die Aussage eines Reporters, dass sich die Geiselnehmer wohl per Twitter gemeldet haben. Das muss man sich mal vorstellen&#8230;<\/p>\n","protected":false},"excerpt":{"rendered":"<p>So etwas kann man sich echt nicht vorstellen. Dass in\u00a0Nairobi bewaffnete Islamisten\u00a0ein Einkaufszentrum st\u00fcrmen und dort einfach Menschen erschie\u00dfen oder als Geiseln nehmen, ist schon nicht nachvollziehbar. Jedenfalls tue ich&hellip; <\/p>\n","protected":false},"author":2,"featured_media":0,"comment_status":"open","ping_status":"open","sticky":false,"template":"","format":"standard","meta":{"footnotes":""},"categories":[11],"tags":[],"class_list":["post-20214","post","type-post","status-publish","format-standard","hentry","category-zum-nachdenken"],"_links":{"self":[{"href":"https:\/\/blog.planet-ari-um.de\/index.php?rest_route=\/wp\/v2\/posts\/20214","targetHints":{"allow":["GET"]}}],"collection":[{"href":"https:\/\/blog.planet-ari-um.de\/index.php?rest_route=\/wp\/v2\/posts"}],"about":[{"href":"https:\/\/blog.planet-ari-um.de\/index.php?rest_route=\/wp\/v2\/types\/post"}],"author":[{"embeddable":true,"href":"https:\/\/blog.planet-ari-um.de\/index.php?rest_route=\/wp\/v2\/users\/2"}],"replies":[{"embeddable":true,"href":"https:\/\/blog.planet-ari-um.de\/index.php?rest_route=%2Fwp%2Fv2%2Fcomments&post=20214"}],"version-history":[{"count":1,"href":"https:\/\/blog.planet-ari-um.de\/index.php?rest_route=\/wp\/v2\/posts\/20214\/revisions"}],"predecessor-version":[{"id":39023,"href":"https:\/\/blog.planet-ari-um.de\/index.php?rest_route=\/wp\/v2\/posts\/20214\/revisions\/39023"}],"wp:attachment":[{"href":"https:\/\/blog.planet-ari-um.de\/index.php?rest_route=%2Fwp%2Fv2%2Fmedia&parent=20214"}],"wp:term":[{"taxonomy":"category","embeddable":true,"href":"https:\/\/blog.planet-ari-um.de\/index.php?rest_route=%2Fwp%2Fv2%2Fcategories&post=20214"},{"taxonomy":"post_tag","embeddable":true,"href":"https:\/\/blog.planet-ari-um.de\/index.php?rest_route=%2Fwp%2Fv2%2Ftags&post=20214"}],"curies":[{"name":"wp","href":"https:\/\/api.w.org\/{rel}","templated":true}]}}