{"id":18922,"date":"2013-08-10T18:58:47","date_gmt":"2013-08-10T16:58:47","guid":{"rendered":"http:\/\/www.planet-ari-um.de\/blubs\/?p=18922"},"modified":"2020-06-29T22:50:41","modified_gmt":"2020-06-29T20:50:41","slug":"24-stunden","status":"publish","type":"post","link":"https:\/\/blog.planet-ari-um.de\/?p=18922","title":{"rendered":"24 Stunden"},"content":{"rendered":"<p>Eiigentlich wollte ich gestern schreiben, dann h\u00e4tte die \u00dcberschrift mehr Sinn ergeben, aber dazu sp\u00e4ter&#8230;<\/p>\n<p>Unsere letzte Unterkunft war wie gesagt sehr gem\u00fctlich. Die Besitzerin hatte extra noch mit einer K\u00fcnstlerin gesprochen, die extra f\u00fcr uns heute noch mal ihr Atelier aufmachte, damit Hamsta und Wolf noch was kaufen konnten &#8211; also super Service wirklich.<\/p>\n<p>Wir haben morgens in aller Ruhe gefr\u00fchst\u00fcckt. Danach sind dann 75 % in besagtes Atelier gegangen, die letzten 25 % haben das Auto beladen, damit wir danach fahren konnten&#8230;<\/p>\n<p>Als wir aus der T\u00fcr kamen, hatte ich ein wenig das Gef\u00fchl als w\u00e4re ich im Wei\u00dfenh\u00e4user Strand, windig, leicht frisch, aber angenehm und klein&#8230;<\/p>\n<p>Unterwegs hatten wir noch den Hraunfossar auf dem Plan, au\u00dferdem wollten wir uns in Borgarnes den Wikingergrabh\u00fcgel ansehen, wo angeblich der Sagenheld Eric begraben liegt.<\/p>\n<p>Der <strong>Hraunfossar<\/strong>, zumindest der dazugeh\u00f6rige Parkplatz war arg voll, um nicht zu sagen er war VOLL. Im Gel\u00e4nde, auch wenn es dort nicht gro\u00df war, verlief es sich und wie das so ist, die meisten Touristen sind schnell wieder weg&#8230;<\/p>\n<p style=\"text-align: center\"><a href=\"https:\/\/blog.planet-ari-um.de\/wp-content\/uploads\/2016\/03\/hraunfos.jpg\" rel=\"attachment wp-att-29414\"><img loading=\"lazy\" decoding=\"async\" class=\"aligncenter wp-image-29414\" src=\"https:\/\/blog.planet-ari-um.de\/wp-content\/uploads\/2016\/03\/hraunfos.jpg\" alt=\"hraunfos\" width=\"359\" height=\"235\" \/><\/a><\/p>\n<p>Auf dem R\u00fcckweg, der Wasserfall lag ein wenig vom Weg ab, kamen wir sowieso durch Borgarnes. Der Grabh\u00fcgel war recht klein, so dass es doch ein wenig schwer f\u00e4llt zu glauben, dass dort besagter Sagenheld mit seinem Pferd liegen soll.<\/p>\n<p><a href=\"https:\/\/blog.planet-ari-um.de\/wp-content\/uploads\/2016\/03\/wikgra.jpg\" rel=\"attachment wp-att-29415\"><img loading=\"lazy\" decoding=\"async\" class=\"wp-image-29415 alignnone\" src=\"https:\/\/blog.planet-ari-um.de\/wp-content\/uploads\/2016\/03\/wikgra.jpg\" alt=\"wikgra\" width=\"359\" height=\"240\" \/><\/a>\u00a0\u00a0<a href=\"https:\/\/blog.planet-ari-um.de\/wp-content\/uploads\/2013\/08\/denktwikgr.jpg\"><img loading=\"lazy\" decoding=\"async\" class=\"alignnone wp-image-19077\" style=\"margin: 0px\" src=\"https:\/\/blog.planet-ari-um.de\/wp-content\/uploads\/2013\/08\/denktwikgr.jpg\" alt=\"denktwikgr\" width=\"198\" height=\"281\" \/><\/a><\/p>\n<p>Kurze Zeit sp\u00e4ter waren wir schon in Reykjav\u00edk. Dort wollten wir noch in die (?) <strong>Perlan <\/strong>&#8211; den Warmwasserspeicher f\u00fcr Reykjav\u00edk. Dort ist auch das Sagamuseum untergebracht. Da wollten wir auch noch rein.<\/p>\n<p style=\"text-align: center\"><a href=\"https:\/\/blog.planet-ari-um.de\/wp-content\/uploads\/2013\/08\/perlan.jpg\"><img loading=\"lazy\" decoding=\"async\" class=\"aligncenter wp-image-19075\" src=\"https:\/\/blog.planet-ari-um.de\/wp-content\/uploads\/2013\/08\/perlan.jpg\" alt=\"perlan\" width=\"362\" height=\"222\" \/><\/a><\/p>\n<p>Tja, das <strong>Sagamuseum<\/strong>, war wie die letzten Museen, die wir in Island besucht haben, auch eher wieder ein Musee-chen. Derjenige, der den Reisef\u00fchrer geschrieben hat, in dem steht, dass das Museum makaber sein soll, muss ein wenig arg zart besaitet gewesen sein&#8230;<\/p>\n<p>Nach dem Museum wollten wir einmal auf der Aussichtsplattform um das Perlan (?) &#8211; ach verflixt: um das Geb\u00e4ude &#8211; herum gehen. Aber als wir nach oben kamen, sah man schon an den Glasfassaden, dass es gerade ziemlich ungem\u00fctlich drau\u00dfen war. Also haben wir uns erst mal ins Caf\u00e9 unter die Glaskuppel gesetzt und gewartet. Und tats\u00e4chlich: es war zumindest f\u00fcr eine schnelle Runde trocken, bevor es dann wieder sch\u00fcttete&#8230;<\/p>\n<p>Danach\u00a0haben wir in der Stadt bei einem Thai zu Abend gegessen &#8211; zu humanen Preisen!<\/p>\n<p>Dann wurde es auch schon Zeit, nach Keflav\u00edk zu fahren. Wir mussten noch auftanken, den Wagen ausr\u00e4umen und entm\u00fcllen bzw. unsere ganzen gesammelten Dinge\u00a0&#8211; wer sammelt nur immer so viel ein? &#8211; ausladen, den ge-pl\u00e4tteten Reifen angeben und den Wagen abgeben.<\/p>\n<p>Unsere erprobte 50-50-Teilung war wunderbar. Auto ausladen, Hamsta und Huhn bewachen den ganzen Wust an Gep\u00e4ck und die anderen 50 % regeln die Sachen mit dem Auto.<\/p>\n<p style=\"text-align: center\"><a href=\"https:\/\/blog.planet-ari-um.de\/wp-content\/uploads\/2013\/08\/gep\u00e4FlHa.jpg\"><img loading=\"lazy\" decoding=\"async\" class=\"aligncenter wp-image-19080\" src=\"https:\/\/blog.planet-ari-um.de\/wp-content\/uploads\/2013\/08\/gep\u00e4FlHa.jpg\" alt=\"gep\u00e4FlHa\" width=\"334\" height=\"227\" \/><\/a><\/p>\n<p>Zu allererst haben wir die gro\u00dfen Gep\u00e4ckst\u00fccke abgegeben, damit wir ein wenig mehr Freiraum haben. Es dauerte und dauerte und als wir ziemlich weit vorne standen sahen wir auch warum &#8211; die Gep\u00e4ckb\u00e4nder liefen nicht. Es stapelten und t\u00fcrmten sich die Koffer im Annahmebereich und nix ging. Koffer-Etiketten einsammeln, Koffer abstellen und das Beste hoffen.<\/p>\n<p>Da wir noch massig Zeit hatten, sind wir erst mal in den Duty-Free-Shop gegangen und haben uns danach in ein kleines Caf\u00e9 gesetzt.<\/p>\n<p>Der Flug verlief gut, leider konnte ich nicht schlafen. Als wir aus dem Flieger wieder ausgestiegen sind und ich mir den schweren Rucksack aufsetzte, tat mir auf einmal meine Schulter tierisch weh. Ungeschicktes Fleisch muss weg, oder wie war das?! Mal sehen wie lange ich davon was habe&#8230;<\/p>\n<p>Um ca. 6: 15 Uhr sind wir gelandet. Papa holte uns ab und brachte uns nach Hause. So waren wir dann um ca. 8:30 Uhr zu Hause und konnten nach &#8211; genau &#8211; 24 Stunden endlich ins Bett!<\/p>\n","protected":false},"excerpt":{"rendered":"<p>Eiigentlich wollte ich gestern schreiben, dann h\u00e4tte die \u00dcberschrift mehr Sinn ergeben, aber dazu sp\u00e4ter&#8230; Unsere letzte Unterkunft war wie gesagt sehr gem\u00fctlich. Die Besitzerin hatte extra noch mit einer&hellip; <\/p>\n","protected":false},"author":2,"featured_media":0,"comment_status":"open","ping_status":"open","sticky":false,"template":"","format":"standard","meta":{"footnotes":""},"categories":[18,12],"tags":[68],"class_list":["post-18922","post","type-post","status-publish","format-standard","hentry","category-fotografie","category-urlaub","tag-island"],"_links":{"self":[{"href":"https:\/\/blog.planet-ari-um.de\/index.php?rest_route=\/wp\/v2\/posts\/18922","targetHints":{"allow":["GET"]}}],"collection":[{"href":"https:\/\/blog.planet-ari-um.de\/index.php?rest_route=\/wp\/v2\/posts"}],"about":[{"href":"https:\/\/blog.planet-ari-um.de\/index.php?rest_route=\/wp\/v2\/types\/post"}],"author":[{"embeddable":true,"href":"https:\/\/blog.planet-ari-um.de\/index.php?rest_route=\/wp\/v2\/users\/2"}],"replies":[{"embeddable":true,"href":"https:\/\/blog.planet-ari-um.de\/index.php?rest_route=%2Fwp%2Fv2%2Fcomments&post=18922"}],"version-history":[{"count":2,"href":"https:\/\/blog.planet-ari-um.de\/index.php?rest_route=\/wp\/v2\/posts\/18922\/revisions"}],"predecessor-version":[{"id":43433,"href":"https:\/\/blog.planet-ari-um.de\/index.php?rest_route=\/wp\/v2\/posts\/18922\/revisions\/43433"}],"wp:attachment":[{"href":"https:\/\/blog.planet-ari-um.de\/index.php?rest_route=%2Fwp%2Fv2%2Fmedia&parent=18922"}],"wp:term":[{"taxonomy":"category","embeddable":true,"href":"https:\/\/blog.planet-ari-um.de\/index.php?rest_route=%2Fwp%2Fv2%2Fcategories&post=18922"},{"taxonomy":"post_tag","embeddable":true,"href":"https:\/\/blog.planet-ari-um.de\/index.php?rest_route=%2Fwp%2Fv2%2Ftags&post=18922"}],"curies":[{"name":"wp","href":"https:\/\/api.w.org\/{rel}","templated":true}]}}