{"id":18828,"date":"2013-07-31T23:39:55","date_gmt":"2013-07-31T21:39:55","guid":{"rendered":"http:\/\/www.planet-ari-um.de\/blubs\/?p=18828"},"modified":"2020-06-29T23:24:36","modified_gmt":"2020-06-29T21:24:36","slug":"anfang-ostfjorde","status":"publish","type":"post","link":"https:\/\/blog.planet-ari-um.de\/?p=18828","title":{"rendered":"Anfang Ostfjorde"},"content":{"rendered":"<p>Bei Tage und ohne Nebel betrachtet, lag unsere Unterkunft gestern ziemlich im Nichts, aber es war sch\u00f6n da.<\/p>\n<p>Heute Morgen sind wir nach einem leckeren Fr\u00fchst\u00fcck aufgebrochen zu unserer n\u00e4chsten Station. Da es ja gestern am <strong>J\u00f6kuls\u00e1rl\u00f3n<\/strong> so nebelig war und ich von den Reisef\u00fchrern und nicht zuletzt von der Reise von Bekannten bereits tolle Fotos gesehen habe, wollte ich da unbedingt noch mal hin. Als wir los fuhren war es sonnig. Je n\u00e4her wir zum See kamen, desto bew\u00f6lkter wurde es.<\/p>\n<p style=\"text-align: center\"><a href=\"https:\/\/blog.planet-ari-um.de\/wp-content\/uploads\/2016\/03\/j\u00f6kuls.jpg\" rel=\"attachment wp-att-29426\"><img loading=\"lazy\" decoding=\"async\" class=\"aligncenter wp-image-29426\" src=\"https:\/\/blog.planet-ari-um.de\/wp-content\/uploads\/2016\/03\/j\u00f6kuls.jpg\" alt=\"j\u00f6kuls\" width=\"361\" height=\"241\" \/><\/a><\/p>\n<p>Am meisten hat es mich aber ge\u00e4rgert, dass wir am See im Grunde blauen Himmel durch die Wolken durchblitzen sahen, es aber einfach nicht aufriss&#8230;<\/p>\n<p>Daf\u00fcr hat der Strand an dem wir eine kurze Rast gemacht haben, mich wieder entsch\u00e4digt: blauer Himmel, Sonne, Meer.<\/p>\n<p>Wir sind heute eigentlich die ganz Zeit an der K\u00fcste entlang gefahren. Leider gibt es hier keinen Seitenstreifen, so dass man nicht so leicht einfach mal so halten kann, auch wenn fast nie jemand hinter einem unterwegs ist&#8230;<\/p>\n<p>Zudem sind wir heute durch zwei Tunnel gefahren. Der zweite war \u00fcber 5 km lang.<\/p>\n<p>Jetzt sind wir in dem kleinen Fischer\u00f6rtchen <em><strong>Eskifj\u00f6rdur<\/strong><\/em>. Im Ort gibt es lauter sch\u00f6ne H\u00e4uschen. Wir fuhren durch den ganzen Ort bis ans \u00e4u\u00dfere Ende zu einem schnuckeligen <a href=\"https:\/\/mjoeyri.is\/\" target=\"_blank\" rel=\"noopener noreferrer\"><span style=\"text-decoration: underline\">roten zweist\u00f6ckigen Haus<\/span><\/a> mit wei\u00dfen Fenstern. Daneben standen lauter kleine Holzh\u00fctten. Seeehr sch\u00f6n!<\/p>\n<p style=\"text-align: center\"><a href=\"https:\/\/blog.planet-ari-um.de\/wp-content\/uploads\/2016\/03\/eskifj.jpg\" rel=\"attachment wp-att-29427\"><img loading=\"lazy\" decoding=\"async\" class=\"aligncenter wp-image-29427\" src=\"https:\/\/blog.planet-ari-um.de\/wp-content\/uploads\/2016\/03\/eskifj.jpg\" alt=\"eskifj\" width=\"376\" height=\"262\" \/><\/a><\/p>\n<p>Wie den ganzen Weg an der K\u00fcste entlang war es auch hier verdammt windig &#8211; so was hab ich noch nicht erlebt. Au\u00dferdem stinkt es hier &#8211; hier am Rand des Ortes zum Gl\u00fcck nicht ganz so stark &#8211; nach irgendwas Totem.<\/p>\n<p>Nach dem wir unsere Taschen in unsere Zimmer gebracht haben, sind wir erst mal in den Ort gefahren und haben in einem kleinen urigen Restaurant zu Abend gegessen.<\/p>\n<p>Zu den isl\u00e4ndischen Eigenheiten schreibe ich ein anderes Mal mehr. Jetzt m\u00fcssen wir erst mal unsere Fotokarten speichern. Man merkt doch sehr stark, dass uuunwesentlich mehr Fotos zustande kommen, wenn man mit zwei guten Kameras ausger\u00fcstet ist, anstatt nur mit einer&#8230;<\/p>\n","protected":false},"excerpt":{"rendered":"<p>Bei Tage und ohne Nebel betrachtet, lag unsere Unterkunft gestern ziemlich im Nichts, aber es war sch\u00f6n da. Heute Morgen sind wir nach einem leckeren Fr\u00fchst\u00fcck aufgebrochen zu unserer n\u00e4chsten&hellip; <\/p>\n","protected":false},"author":2,"featured_media":0,"comment_status":"open","ping_status":"open","sticky":false,"template":"","format":"standard","meta":{"footnotes":""},"categories":[18,12],"tags":[68],"class_list":["post-18828","post","type-post","status-publish","format-standard","hentry","category-fotografie","category-urlaub","tag-island"],"_links":{"self":[{"href":"https:\/\/blog.planet-ari-um.de\/index.php?rest_route=\/wp\/v2\/posts\/18828","targetHints":{"allow":["GET"]}}],"collection":[{"href":"https:\/\/blog.planet-ari-um.de\/index.php?rest_route=\/wp\/v2\/posts"}],"about":[{"href":"https:\/\/blog.planet-ari-um.de\/index.php?rest_route=\/wp\/v2\/types\/post"}],"author":[{"embeddable":true,"href":"https:\/\/blog.planet-ari-um.de\/index.php?rest_route=\/wp\/v2\/users\/2"}],"replies":[{"embeddable":true,"href":"https:\/\/blog.planet-ari-um.de\/index.php?rest_route=%2Fwp%2Fv2%2Fcomments&post=18828"}],"version-history":[{"count":5,"href":"https:\/\/blog.planet-ari-um.de\/index.php?rest_route=\/wp\/v2\/posts\/18828\/revisions"}],"predecessor-version":[{"id":43442,"href":"https:\/\/blog.planet-ari-um.de\/index.php?rest_route=\/wp\/v2\/posts\/18828\/revisions\/43442"}],"wp:attachment":[{"href":"https:\/\/blog.planet-ari-um.de\/index.php?rest_route=%2Fwp%2Fv2%2Fmedia&parent=18828"}],"wp:term":[{"taxonomy":"category","embeddable":true,"href":"https:\/\/blog.planet-ari-um.de\/index.php?rest_route=%2Fwp%2Fv2%2Fcategories&post=18828"},{"taxonomy":"post_tag","embeddable":true,"href":"https:\/\/blog.planet-ari-um.de\/index.php?rest_route=%2Fwp%2Fv2%2Ftags&post=18828"}],"curies":[{"name":"wp","href":"https:\/\/api.w.org\/{rel}","templated":true}]}}