{"id":18815,"date":"2013-07-31T01:14:41","date_gmt":"2013-07-30T23:14:41","guid":{"rendered":"http:\/\/www.planet-ari-um.de\/blubs\/?p=18815"},"modified":"2022-06-30T23:09:28","modified_gmt":"2022-06-30T21:09:28","slug":"kirkjubaejarklaustur","status":"publish","type":"post","link":"https:\/\/blog.planet-ari-um.de\/?p=18815","title":{"rendered":"Kirkjubaejarklaustur"},"content":{"rendered":"<p><em>29. Juli:<\/em><\/p>\n<p>Heute hatten wir einen etwas ruhigeren Tag.<\/p>\n<p>Schon gestern Abend ist uns das aufgefallen. Wir haben es aber alle nicht so ganz registriert und es eher auf die allgemeine Ersch\u00f6pfung vom Tag geschoben, aber unser Zimmer neigt sich tats\u00e4chlich gen S\u00fcden (S\u00fcdosten). Die Betten standen ausgerechnet so, dass der Kopf unten gelegen h\u00e4tte, das ging die Nacht gar nicht, ich musste mich umdrehen&#8230;<\/p>\n<p>Naja, Betten schief, was macht das schon. Als wir heute in den Fr\u00fchst\u00fccksraum kamen &#8211; naaa? &#8211; ja er neigt sich gen Norden. Ganz toll. Ich hatte mich auch ausgerechnet so gesetzt, dass ich sozusagen r\u00fcckw\u00e4rts fiel. Nach dem Essen musste ich echt schnell raus, das war f\u00fcr meinen Kreislauf nicht wirklich zutr\u00e4glich&#8230;<\/p>\n<p>Danach sind wir auf nat\u00fcrlich schiefen Bahnen zu einem Wasserfall direkt im Ort gelaufen. Es ging zwar sehr steil bergauf, aber die Naturstufen waren touristengerecht.<\/p>\n<p>Man kam ganz nah an den Wasserfall heran und konnte in die Tiefe gucke &#8211; sehr beeindruckend.<\/p>\n<p><a href=\"https:\/\/blog.planet-ari-um.de\/wp-content\/uploads\/2016\/03\/wassfakirkja.jpg\" rel=\"attachment wp-att-29435\"><img loading=\"lazy\" decoding=\"async\" class=\"alignnone wp-image-29435\" src=\"https:\/\/blog.planet-ari-um.de\/wp-content\/uploads\/2016\/03\/wassfakirkja.jpg\" alt=\"wassfakirkja\" width=\"254\" height=\"169\" \/><\/a>\u00a0 \u00a0<a href=\"https:\/\/blog.planet-ari-um.de\/wp-content\/uploads\/2013\/08\/wasserf-kirk1.jpg\"><img loading=\"lazy\" decoding=\"async\" class=\" wp-image-19018 alignnone\" style=\"margin: 0px\" src=\"https:\/\/blog.planet-ari-um.de\/wp-content\/uploads\/2013\/08\/wasserf-kirk1.jpg\" alt=\"wasserf kirk1\" width=\"255\" height=\"169\" \/><\/a><\/p>\n<p>Eigentlich wollten wir uns noch einen zweiten angucken, der stellte sich aber als unzug\u00e4nglicher Fluss mit einigen Stromschnellen heraus. So haben wir uns, als wir nicht n\u00e4her rankamen, dazu entschlossen das Basaltpflaster <strong>Kirkjug\u00f3lf<\/strong> anzusehen. Diese &#8222;Pflastersteine&#8220; bestehen aus sechseckigen Basaltsteinen und sehen eher k\u00fcnstlich produziert aus als von Natur aus dort entstanden&#8230; Dort haben wir erst mal eine gem\u00fctliche Pause gemacht.<\/p>\n<p style=\"text-align: center\"><a href=\"https:\/\/blog.planet-ari-um.de\/wp-content\/uploads\/2016\/03\/pflastst.jpg\" rel=\"attachment wp-att-29432\"><img loading=\"lazy\" decoding=\"async\" class=\"aligncenter wp-image-29432\" src=\"https:\/\/blog.planet-ari-um.de\/wp-content\/uploads\/2016\/03\/pflastst.jpg\" alt=\"pflastst\" width=\"377\" height=\"253\" \/><\/a><\/p>\n<p>Der letzte Punkt auf unserer Tagesordnung waren die Krater. Wir sind f\u00e4lschlicherweise davon ausgegangen, dass das die Laki-Krater sind, aber die befinden sich fast schon im Hochland, jedenfalls da wo man nur mit einem 4&#215;4 Gel\u00e4ndewagen hin kann\/darf&#8230; Aber hier im Ort gab es anscheinend auch Krater. Also haben wir uns auf den Weg gemacht. Wie sich herausstellte, ist das ein ganzes Krater-Arial. So weit das Auge reicht &#8211; nichts als inzwischen moos\u00fcberwachsene Krater. Einige waren im Grunde nur noch kleine Mulden, andere waren verdammt tief. Einer war besonders cool. Da konnte man von unten rein gehen!<\/p>\n<p style=\"text-align: center\"><a href=\"https:\/\/blog.planet-ari-um.de\/wp-content\/uploads\/2016\/03\/begKraIsl.jpg\" rel=\"attachment wp-att-29433\"><img loading=\"lazy\" decoding=\"async\" class=\"aligncenter wp-image-29433\" src=\"https:\/\/blog.planet-ari-um.de\/wp-content\/uploads\/2016\/03\/begKraIsl.jpg\" alt=\"begKraIsl\" width=\"352\" height=\"235\" \/><\/a><\/p>\n<p>Die Herren konnten es sich nicht nehmen lassen, nach einer zweiten Burger-Runde, noch mal zum Wasserfall hoch zugehen und zu fotografieren.<\/p>\n","protected":false},"excerpt":{"rendered":"<p>29. Juli: Heute hatten wir einen etwas ruhigeren Tag. Schon gestern Abend ist uns das aufgefallen. Wir haben es aber alle nicht so ganz registriert und es eher auf die&hellip; <\/p>\n","protected":false},"author":2,"featured_media":0,"comment_status":"open","ping_status":"open","sticky":false,"template":"","format":"standard","meta":{"footnotes":""},"categories":[18,12],"tags":[68],"class_list":["post-18815","post","type-post","status-publish","format-standard","hentry","category-fotografie","category-urlaub","tag-island"],"_links":{"self":[{"href":"https:\/\/blog.planet-ari-um.de\/index.php?rest_route=\/wp\/v2\/posts\/18815","targetHints":{"allow":["GET"]}}],"collection":[{"href":"https:\/\/blog.planet-ari-um.de\/index.php?rest_route=\/wp\/v2\/posts"}],"about":[{"href":"https:\/\/blog.planet-ari-um.de\/index.php?rest_route=\/wp\/v2\/types\/post"}],"author":[{"embeddable":true,"href":"https:\/\/blog.planet-ari-um.de\/index.php?rest_route=\/wp\/v2\/users\/2"}],"replies":[{"embeddable":true,"href":"https:\/\/blog.planet-ari-um.de\/index.php?rest_route=%2Fwp%2Fv2%2Fcomments&post=18815"}],"version-history":[{"count":5,"href":"https:\/\/blog.planet-ari-um.de\/index.php?rest_route=\/wp\/v2\/posts\/18815\/revisions"}],"predecessor-version":[{"id":46672,"href":"https:\/\/blog.planet-ari-um.de\/index.php?rest_route=\/wp\/v2\/posts\/18815\/revisions\/46672"}],"wp:attachment":[{"href":"https:\/\/blog.planet-ari-um.de\/index.php?rest_route=%2Fwp%2Fv2%2Fmedia&parent=18815"}],"wp:term":[{"taxonomy":"category","embeddable":true,"href":"https:\/\/blog.planet-ari-um.de\/index.php?rest_route=%2Fwp%2Fv2%2Fcategories&post=18815"},{"taxonomy":"post_tag","embeddable":true,"href":"https:\/\/blog.planet-ari-um.de\/index.php?rest_route=%2Fwp%2Fv2%2Ftags&post=18815"}],"curies":[{"name":"wp","href":"https:\/\/api.w.org\/{rel}","templated":true}]}}