{"id":17512,"date":"2013-04-17T22:38:43","date_gmt":"2013-04-17T21:38:43","guid":{"rendered":"http:\/\/www.planet-ari-um.de\/blubs\/?p=17512"},"modified":"2020-07-01T12:07:46","modified_gmt":"2020-07-01T10:07:46","slug":"lesen","status":"publish","type":"post","link":"https:\/\/blog.planet-ari-um.de\/?p=17512","title":{"rendered":"Lesen!"},"content":{"rendered":"<p>Nachdem ich jetzt schon Ewigkeiten kein Buch\u00a0mehr gelesen hatte, habe ich jetzt die Tess-Gerritsen-Reihe begonnen. Zum einen deshalb, weil ich schon mal ein Buch von ihr gelesen hatte, zum anderen, weil im TV jetzt die Reihe &#8222;Rizzoli &amp; Isles&#8220; l\u00e4uft und ich irgendwie die Figur der Rizzoli anders in Erinnerung hatte und doch mal pr\u00fcfen wollte, ob mich meine Erinnerung get\u00e4uscht hat.<\/p>\n<p>Einige der B\u00fccher hatte ich schon als H\u00f6rbuch geh\u00f6rt. Irgendwann hatte ich dann mal eins der B\u00fccher gelesen und fand es toll. Allerdings wusste ich da noch nicht, dass das Buch was ich gelesen hatte zu einer Reihe geh\u00f6rt. Daran habe ich erst gedacht, als ich mir auf eine Bemerkung im Buch \u00fcberhaupt keinen Reim machen konnte und dies auch nicht am Ende des Buches gekl\u00e4rt war&#8230;<\/p>\n<p>Ok, wie gesagt habe ich also jetzt\u00a0lesender Weise am Anfang der Reihe angefangen.<\/p>\n<p>Das erste Buch ist schon durch. Das zweite Buch habe ich heute angefangen. Normaler Weise lasse ich mir meistens ein oder zwei Tage zwischen zwei (H\u00f6r)B\u00fcchern, einfach um das Alte ein wenig sacken zu lassen und es nicht gleich mit dem n\u00e4chsten zu b\u00fcgeln. Aber nach unserer spaaannenden Konferenz heute hatte ich das absolut starke Bed\u00fcrfnis mich drau\u00dfen auf den Balkon zu setzen und bei einem Cappuccino zu lesen!<\/p>\n<p>Mehr zu den B\u00fcchern kommt!<\/p>\n","protected":false},"excerpt":{"rendered":"<p>Nachdem ich jetzt schon Ewigkeiten kein Buch\u00a0mehr gelesen hatte, habe ich jetzt die Tess-Gerritsen-Reihe begonnen. Zum einen deshalb, weil ich schon mal ein Buch von ihr gelesen hatte, zum anderen,&hellip; <\/p>\n","protected":false},"author":2,"featured_media":0,"comment_status":"open","ping_status":"open","sticky":false,"template":"","format":"standard","meta":{"footnotes":""},"categories":[3,4],"tags":[],"class_list":["post-17512","post","type-post","status-publish","format-standard","hentry","category-bucher","category-freizeit"],"_links":{"self":[{"href":"https:\/\/blog.planet-ari-um.de\/index.php?rest_route=\/wp\/v2\/posts\/17512","targetHints":{"allow":["GET"]}}],"collection":[{"href":"https:\/\/blog.planet-ari-um.de\/index.php?rest_route=\/wp\/v2\/posts"}],"about":[{"href":"https:\/\/blog.planet-ari-um.de\/index.php?rest_route=\/wp\/v2\/types\/post"}],"author":[{"embeddable":true,"href":"https:\/\/blog.planet-ari-um.de\/index.php?rest_route=\/wp\/v2\/users\/2"}],"replies":[{"embeddable":true,"href":"https:\/\/blog.planet-ari-um.de\/index.php?rest_route=%2Fwp%2Fv2%2Fcomments&post=17512"}],"version-history":[{"count":3,"href":"https:\/\/blog.planet-ari-um.de\/index.php?rest_route=\/wp\/v2\/posts\/17512\/revisions"}],"predecessor-version":[{"id":43483,"href":"https:\/\/blog.planet-ari-um.de\/index.php?rest_route=\/wp\/v2\/posts\/17512\/revisions\/43483"}],"wp:attachment":[{"href":"https:\/\/blog.planet-ari-um.de\/index.php?rest_route=%2Fwp%2Fv2%2Fmedia&parent=17512"}],"wp:term":[{"taxonomy":"category","embeddable":true,"href":"https:\/\/blog.planet-ari-um.de\/index.php?rest_route=%2Fwp%2Fv2%2Fcategories&post=17512"},{"taxonomy":"post_tag","embeddable":true,"href":"https:\/\/blog.planet-ari-um.de\/index.php?rest_route=%2Fwp%2Fv2%2Ftags&post=17512"}],"curies":[{"name":"wp","href":"https:\/\/api.w.org\/{rel}","templated":true}]}}