{"id":17507,"date":"2013-08-05T01:00:38","date_gmt":"2013-08-04T23:00:38","guid":{"rendered":"http:\/\/www.planet-ari-um.de\/blubs\/?p=17507"},"modified":"2020-06-29T22:57:53","modified_gmt":"2020-06-29T20:57:53","slug":"akureyri","status":"publish","type":"post","link":"https:\/\/blog.planet-ari-um.de\/?p=17507","title":{"rendered":"Glaumbaer"},"content":{"rendered":"<p><em>Reisef\u00fchrer und Co.:<\/em><\/p>\n<p><b>Glaumb\u00e6r<\/b> ist eine Ortschaft und ein altes Kirchdorf in der Gemeinde\u00a0Skagafj\u00f6r\u00f0ur. Das Geh\u00f6ft Glaumb\u00e6r wurde wahrscheinlich im 11. Jahrhundert gegr\u00fcndet. Die \u00e4ltesten erhaltenen Geb\u00e4udeteile des\u00a0Torfhofes\u00a0stammen aus dem beginnenden 19. Jahrhundert. Mit seinen 6 wei\u00dfen Giebeln und 13 R\u00e4umen handelt es sich um einen recht gro\u00dfen Hof.<\/p>\n<p>Heute ist der Hof ein Museumshof, in dem man die meisten der R\u00e4ume besichtigen kann.<\/p>\n<p style=\"text-align: center\"><img loading=\"lazy\" decoding=\"async\" class=\"aligncenter\" style=\"border: 0px\" src=\"https:\/\/blog.planet-ari-um.de\/wp-content\/uploads\/2014\/03\/ornam.jpg\" alt=\"ornam\" width=\"88\" height=\"48\" \/><\/p>\n<p><em>04. August:<\/em><\/p>\n<p>Eiiigentlich h\u00e4tten wir ja heute unsere Wal-Tour gehabt, aber schlau aus gestern haben wir erst mal angerufen. Da haben wir dann erfahren, dass f\u00fcr heute alle Wal-Fahrten wegen Nebel, Regen und Wind abgesagt worden sind. So haben wir uns also in aller Ruhe auf den Weg zu\u00a0einem kleinen \u00d6rtchen hinter H\u00f3lmav\u00edk gemacht.<\/p>\n<p>Unterwegs haben wir noch den ein oder anderen Cache geholt. Wir waren in <strong>Glaumb\u00e6r<\/strong> und haben uns die Grassoden-H\u00e4user angesehen. Von vorne sind die H\u00e4user ja winzig. Aber ein Haus geht nach hinten noch echt weit rein. Es ist zwar alles eng und die Decken ziemlich niedrig, dass man auf den Kopf gut aufpassen muss, aber es ist vor allem windstill da drin. Drau\u00dfen pfiff der Wind n\u00e4mlich ganz sch\u00f6n ordentlich um die Ecken.<\/p>\n<p><a href=\"https:\/\/blog.planet-ari-um.de\/wp-content\/uploads\/2013\/08\/grassoGlau.jpg\"><img loading=\"lazy\" decoding=\"async\" class=\"alignnone wp-image-19050\" style=\"margin: 0px\" src=\"https:\/\/blog.planet-ari-um.de\/wp-content\/uploads\/2013\/08\/grassoGlau.jpg\" alt=\"grassoGlau\" width=\"231\" height=\"168\" \/><\/a> \u00a0<a href=\"https:\/\/blog.planet-ari-um.de\/wp-content\/uploads\/2013\/08\/glaumbKell.jpg\"><img loading=\"lazy\" decoding=\"async\" class=\"alignnone wp-image-19051\" style=\"margin: 0px\" src=\"https:\/\/blog.planet-ari-um.de\/wp-content\/uploads\/2013\/08\/glaumbKell.jpg\" alt=\"glaumbKell\" width=\"166\" height=\"151\" \/><\/a><\/p>\n<p>Das letzte St\u00fcck sind wir nur an der K\u00fcste entlang gefahren &#8211; sehr sch\u00f6n. Es ging immer weiter ins Nichts. Aber <span style=\"text-decoration: underline\"><a href=\"https:\/\/www.laugarholl.is\/\" target=\"_blank\" rel=\"noopener noreferrer\">unser Hotel<\/a><\/span> ist sch\u00f6n, wenn auch wirklich sehr weit von allem weg.<\/p>\n<p>Aber wir werden auf jeden Fall morgen fr\u00fch nicht wie heute mit ca. 200 Leuten fr\u00fchst\u00fccken. Das war doch reichlich \u00e4tzend!<\/p>\n<p>Nach dem Abendessen &#8211; sehr lecker &#8211; sind 50% von uns noch ein wenig spazieren gegangen. Die anderen beiden waren im Wasser im Pool und haben geplanscht.<\/p>\n<p>Im Moment schlaffen wir gerade alle nur noch ein wenig ab.<\/p>\n","protected":false},"excerpt":{"rendered":"<p>Reisef\u00fchrer und Co.: Glaumb\u00e6r ist eine Ortschaft und ein altes Kirchdorf in der Gemeinde\u00a0Skagafj\u00f6r\u00f0ur. Das Geh\u00f6ft Glaumb\u00e6r wurde wahrscheinlich im 11. Jahrhundert gegr\u00fcndet. Die \u00e4ltesten erhaltenen Geb\u00e4udeteile des\u00a0Torfhofes\u00a0stammen aus dem&hellip; <\/p>\n","protected":false},"author":2,"featured_media":0,"comment_status":"open","ping_status":"open","sticky":false,"template":"","format":"standard","meta":{"footnotes":""},"categories":[18,12],"tags":[68],"class_list":["post-17507","post","type-post","status-publish","format-standard","hentry","category-fotografie","category-urlaub","tag-island"],"_links":{"self":[{"href":"https:\/\/blog.planet-ari-um.de\/index.php?rest_route=\/wp\/v2\/posts\/17507","targetHints":{"allow":["GET"]}}],"collection":[{"href":"https:\/\/blog.planet-ari-um.de\/index.php?rest_route=\/wp\/v2\/posts"}],"about":[{"href":"https:\/\/blog.planet-ari-um.de\/index.php?rest_route=\/wp\/v2\/types\/post"}],"author":[{"embeddable":true,"href":"https:\/\/blog.planet-ari-um.de\/index.php?rest_route=\/wp\/v2\/users\/2"}],"replies":[{"embeddable":true,"href":"https:\/\/blog.planet-ari-um.de\/index.php?rest_route=%2Fwp%2Fv2%2Fcomments&post=17507"}],"version-history":[{"count":7,"href":"https:\/\/blog.planet-ari-um.de\/index.php?rest_route=\/wp\/v2\/posts\/17507\/revisions"}],"predecessor-version":[{"id":43435,"href":"https:\/\/blog.planet-ari-um.de\/index.php?rest_route=\/wp\/v2\/posts\/17507\/revisions\/43435"}],"wp:attachment":[{"href":"https:\/\/blog.planet-ari-um.de\/index.php?rest_route=%2Fwp%2Fv2%2Fmedia&parent=17507"}],"wp:term":[{"taxonomy":"category","embeddable":true,"href":"https:\/\/blog.planet-ari-um.de\/index.php?rest_route=%2Fwp%2Fv2%2Fcategories&post=17507"},{"taxonomy":"post_tag","embeddable":true,"href":"https:\/\/blog.planet-ari-um.de\/index.php?rest_route=%2Fwp%2Fv2%2Ftags&post=17507"}],"curies":[{"name":"wp","href":"https:\/\/api.w.org\/{rel}","templated":true}]}}