{"id":17503,"date":"2013-08-01T22:42:25","date_gmt":"2013-08-01T20:42:25","guid":{"rendered":"http:\/\/www.planet-ari-um.de\/blubs\/?p=17503"},"modified":"2020-06-29T23:17:12","modified_gmt":"2020-06-29T21:17:12","slug":"lagarfljot","status":"publish","type":"post","link":"https:\/\/blog.planet-ari-um.de\/?p=17503","title":{"rendered":"Lagarflj\u00f3t"},"content":{"rendered":"<p><em>Reisef\u00fchrer und Co.:<\/em><\/p>\n<p><strong>Lagarflj\u00f3t<\/strong> ist ein See und ein Fluss im Osten Islands.<\/p>\n<p>Der See Lagarflj\u00f3t wird auch\u00a0<i>L\u00f6gurinn<\/i> genannt. Er hat\u00a0eine Fl\u00e4che von 53 km\u00b2, ist etwa 35 km lang, bis zu 2,5 km breit und bis zu 112 m tief.<\/p>\n<p>Man erz\u00e4hlt sich, dass auch in diesem See ein Ungeheuer hausen soll.<\/p>\n<p>\u00d6stlich des Sees befindet sich der gr\u00f6\u00dfte Wald Islands, der Hallormssta\u00f0ask\u00f3gur, westlich der Wasserfall Hengifoss.<\/p>\n<p>Der Fluss Lagarflj\u00f3t flie\u00dft in n\u00f6rdlicher Richtung und m\u00fcndet schlie\u00dflich in den Nordatlantik.<\/p>\n<p style=\"text-align: center\"><img loading=\"lazy\" decoding=\"async\" class=\"aligncenter\" style=\"border: 0px\" src=\"https:\/\/blog.planet-ari-um.de\/wp-content\/uploads\/2014\/03\/ornam.jpg\" alt=\"ornam\" width=\"88\" height=\"48\" \/><\/p>\n<p style=\"text-align: left\"><em>01. August:<\/em><\/p>\n<p style=\"text-align: left\">Nach einem leckeren Fr\u00fchst\u00fcck in einem sehr sch\u00f6nen Raum haben wir uns auf den Weg gemacht. Der Weg von unserem Zimmer nach drau\u00dfen hat sich schwierig gestaltet &#8211; es war \u00fcber Nacht noch windiger geworden als es gestern ohnehin schon war. Allerdings war der Gestank von gestern zum Gl\u00fcck komplett weg.<\/p>\n<p style=\"text-align: left\">Bei einer wirklich ordentlichen Brise haben wir direkt am Haus bzw. bei dem kleinen Leuchtturm auf dem Grundst\u00fcck einen Cache eingesammelt und noch ein paar Fotos gemacht &#8211; von denen hoffentlich bei dem Wind ein paar doch scharf geworden sind.<\/p>\n<p style=\"text-align: left\">Im Ort wollte ich eiiigentlich noch ein paar mehr Fotos gemacht haben, weil da wirklich s\u00fc\u00fc\u00dfe H\u00e4uschen standen, aber irgendwie hatte es der Fahrer eilig weiter zu kommen&#8230;<\/p>\n<p style=\"text-align: left\">Unterwegs kamen wir am See Lagarflj\u00f3t vorbei, der in den Reisef\u00fchrern immer ganz toll aussah und wo ich eigentlich gedacht h\u00e4tte, wir sollten da mal ein wenig wandern. Aber er sah ziemlich lehmig und unspektakul\u00e4r aus.<\/p>\n<p style=\"text-align: left\">Daf\u00fcr war in der unmittelbaren Umgebung der <strong>Hengifoss<\/strong>, der zweith\u00f6chste Wasserfall Islands. Wasserfall ist sowieso gut, der Zusatz &#8222;der zweith\u00f6chste&#8220; animierte auch die Jungs und so war es beschlossene Sache, ihn uns anzugucken.<\/p>\n<p style=\"text-align: left\">Unten am Parkplatz war es schon tierisch windig. So haben wir uns dick eingepackt: M\u00fctze, Tuch, Handschuhe, dickes Fleece und Jacke. Unterwegs war es nicht besser. Der Wind pfiff nur so um uns herum und die Tatsache, dass es nur ca. 6 \u00b0C war, machte das Ganze nicht besser.<\/p>\n<p style=\"text-align: left\">Der erste Teil des Weges war sehr steil, daf\u00fcr nicht ganz soooo windig, der zweite Teil war\u00a0zwar nicht mehr ganz so steil, daf\u00fcr aber um so windiger. Teilweise hatte ich als Leicht-H\u00fchnchen wirklich Probleme auf den Beinen zu bleiben. Es war wirklich anstrengend! Besonders an einer Biege h\u00e4tte es uns beinahe von dannen geweht. Von wegen! Wir haben uns bis direkt an den Wasserfall vorgek\u00e4mpft!<\/p>\n<p style=\"text-align: left\">Aber es hat sich gelohnt!<\/p>\n<p style=\"text-align: left\">Danach wollten wir eiiiigentlich zu dem Wikingerfest in Eir\u00edkstadir, das im Reisef\u00fchrer gro\u00df von Juni bis August angek\u00fcndigt war. Wir fuhren also auf die 923 ab, eine Schotterpiste auf der die riesige Staubwolke hinter jedem Auto schon von weitem ank\u00fcndigt, dass jemand kommt. Wir fuhren und fuhren, jagten ein paar Schafe (von der Stra\u00dfe) und fuhren &#8211; es wurde immer l\u00e4ndlicher und einsamer, aber von einem Fest war weit und breit nichts zu sehen.<\/p>\n<p style=\"text-align: left\">Das war ein absoluter Schuss in den Ofen.<\/p>\n<p style=\"text-align: left\">Also sind wir weiter gefahren. Ungef\u00e4hr eine Stunde von unserem n\u00e4chsten Ziel entfernt, als wir gerade durch eine Gegend fuhren, die so aussah als w\u00e4ren wir auf dem Mond gelandet, fing es an zu schneien! Wir hatten 3 \u00b0C (laut Au\u00dfenthermometer) und es fielen ein paar leichte Flocken vom Himmel, aber eindeutig als Schnee erkennbar!<\/p>\n<p style=\"text-align: left\">Hier ist das Wetter im Moment zwar grau und nicht gerade sehr freundlich, aber wir haben bei einer sehr freundlichen alten Dame eingecheckt und sitzen jetzt gerade im Aufenthaltsraum, schreiben die vernachl\u00e4ssigten Karten, leeren Fotokarten und bloggen.<\/p>\n","protected":false},"excerpt":{"rendered":"<p>Reisef\u00fchrer und Co.: Lagarflj\u00f3t ist ein See und ein Fluss im Osten Islands. Der See Lagarflj\u00f3t wird auch\u00a0L\u00f6gurinn genannt. Er hat\u00a0eine Fl\u00e4che von 53 km\u00b2, ist etwa 35 km lang,&hellip; <\/p>\n","protected":false},"author":2,"featured_media":0,"comment_status":"open","ping_status":"open","sticky":false,"template":"","format":"standard","meta":{"footnotes":""},"categories":[18,12],"tags":[68],"class_list":["post-17503","post","type-post","status-publish","format-standard","hentry","category-fotografie","category-urlaub","tag-island"],"_links":{"self":[{"href":"https:\/\/blog.planet-ari-um.de\/index.php?rest_route=\/wp\/v2\/posts\/17503","targetHints":{"allow":["GET"]}}],"collection":[{"href":"https:\/\/blog.planet-ari-um.de\/index.php?rest_route=\/wp\/v2\/posts"}],"about":[{"href":"https:\/\/blog.planet-ari-um.de\/index.php?rest_route=\/wp\/v2\/types\/post"}],"author":[{"embeddable":true,"href":"https:\/\/blog.planet-ari-um.de\/index.php?rest_route=\/wp\/v2\/users\/2"}],"replies":[{"embeddable":true,"href":"https:\/\/blog.planet-ari-um.de\/index.php?rest_route=%2Fwp%2Fv2%2Fcomments&post=17503"}],"version-history":[{"count":4,"href":"https:\/\/blog.planet-ari-um.de\/index.php?rest_route=\/wp\/v2\/posts\/17503\/revisions"}],"predecessor-version":[{"id":43440,"href":"https:\/\/blog.planet-ari-um.de\/index.php?rest_route=\/wp\/v2\/posts\/17503\/revisions\/43440"}],"wp:attachment":[{"href":"https:\/\/blog.planet-ari-um.de\/index.php?rest_route=%2Fwp%2Fv2%2Fmedia&parent=17503"}],"wp:term":[{"taxonomy":"category","embeddable":true,"href":"https:\/\/blog.planet-ari-um.de\/index.php?rest_route=%2Fwp%2Fv2%2Fcategories&post=17503"},{"taxonomy":"post_tag","embeddable":true,"href":"https:\/\/blog.planet-ari-um.de\/index.php?rest_route=%2Fwp%2Fv2%2Ftags&post=17503"}],"curies":[{"name":"wp","href":"https:\/\/api.w.org\/{rel}","templated":true}]}}