{"id":17497,"date":"2013-07-31T01:53:27","date_gmt":"2013-07-30T23:53:27","guid":{"rendered":"http:\/\/www.planet-ari-um.de\/blubs\/?p=17497"},"modified":"2022-06-25T00:09:39","modified_gmt":"2022-06-24T22:09:39","slug":"gletschertour-und-svartifoss","status":"publish","type":"post","link":"https:\/\/blog.planet-ari-um.de\/?p=17497","title":{"rendered":"Gletschertour und Svartifoss"},"content":{"rendered":"<p><em>Reisef\u00fchrer und Co.:<\/em><\/p>\n<p>Der <strong>Vatnaj\u00f6kull<\/strong> ist der gr\u00f6\u00dfte Gletscher Europas. Er hat eine Fl\u00e4che von 8300 km\u00b2. An seinen h\u00f6chsten Stellen betr\u00e4gt die Dicke des Eises 1000 m. Seinen Name &#8222;Gew\u00e4ssergletscher&#8220; hat der Vatnaj\u00f6kull von den zahlreichen Fl\u00fcssen, die hier entspringen.<\/p>\n<p>Dar\u00fcber hinaus gehen ca. 20 Gletscher von ihm ab.<\/p>\n<p>Bis ins 16. Jh. wurde der Gletscher regelm\u00e4\u00dfig in Nord-S\u00fcd-Richtung \u00fcberquert, da dies die k\u00fcrzeste Verbindung zwischen den Landesteilen Islands war. Die erste Gletscher&#8220;tour&#8220;\u00a0wurde 1875 durchgef\u00fchrt.<\/p>\n<p>&nbsp;<\/p>\n<p>Der <strong>Svartifoss<\/strong> ist einer der vielen Wasserf\u00e4lle in Island. Er f\u00e4llt vor einer Wand von regelm\u00e4\u00dfigen schwarzen Basalts\u00e4ulen. Seinen Namen &#8222;schwarzer Wasserfall&#8220; hat er wegen den schwarzen Basalts\u00e4ulen.<\/p>\n<p>Dieser Wasserfall liegt im Vatnaj\u00f6kull-Nationalpark im S\u00fcdosten Islands.<\/p>\n<p>&nbsp;<\/p>\n<p>Der\u00a0<strong>Fjalls\u00e1rl\u00f3n<\/strong>\u00a0ist ein\u00a0Gletschersee am s\u00fcdlichen Ende des Gletschers Vatnaj\u00f6kull ganz im S\u00fcden des Landes.<\/p>\n<p>Er liegt ganz in der N\u00e4he des gr\u00f6\u00dferen und bekannten Gletschersee\u00a0<strong>J\u00f6kuls\u00e1rl\u00f3n<\/strong>.<\/p>\n<p style=\"text-align: center\">\u00a0<img loading=\"lazy\" decoding=\"async\" class=\"aligncenter\" style=\"border: 0px\" src=\"https:\/\/blog.planet-ari-um.de\/wp-content\/uploads\/2014\/03\/ornam.jpg\" alt=\"ornam\" width=\"88\" height=\"48\" \/><\/p>\n<p style=\"text-align: left\"><em>30. Juli:<\/em><\/p>\n<p style=\"text-align: left\">Heute hatten wir ein recht strammes Programm.<\/p>\n<p style=\"text-align: left\">Nach dem Fr\u00fchst\u00fcck haben wir dann Schr\u00e4g-Hausen verlassen und sind in den Vatnaj\u00f6kull-Nationalpark gefahren. Dort haben wir die Gletschertour &#8222;blue ice experience&#8220; gemacht.<\/p>\n<p style=\"text-align: left\">Wie des \u00d6fteren war es morgens ziemlich tr\u00fcbe und nebelig. So hatte ich schon Bedenken, dass wir am Ende bei str\u00f6mendem Regen auf dem Gletscher stehen w\u00fcrden&#8230;<\/p>\n<p style=\"text-align: left\">Aber wir hatten Gl\u00fcck. Ab und zu kam sogar die Sonne heraus.<\/p>\n<p style=\"text-align: left\">Am Treffpunkt haben wir Steigeisen und eine Art Spitzhacke bekommen. Mit dem Bus sind wir dann in \u00e4u\u00dferst z\u00fcgigem Tempo zum Gletscher gefahren. Dort zeigte uns unsere Leiterin, wie wir diese Steigeisen anziehen und befestigen mussten und gab uns noch ein paar Verhaltensregeln auf dem Eis mit auf den Weg bevor es los ging.<\/p>\n<p style=\"text-align: center\"><a href=\"https:\/\/blog.planet-ari-um.de\/wp-content\/uploads\/2013\/08\/gleschwan2.jpg\"><img loading=\"lazy\" decoding=\"async\" class=\"aligncenter wp-image-19023\" src=\"https:\/\/blog.planet-ari-um.de\/wp-content\/uploads\/2013\/08\/gleschwan2.jpg\" alt=\"gleschwan2\" width=\"318\" height=\"213\" \/><\/a><\/p>\n<p style=\"text-align: left\">Man hatte uns gesagt,\u00a0dass wir\u00a0warme Sachen und Regenzeug mitnehmen sollten. Aber kaum hatten wir die Steigeisen angezogen, war mir schon so warm, dass ich mir das Fleece direkt wieder ausgezogen und nur die Jacke angelassen habe.<\/p>\n<p style=\"text-align: left\">Von irgendeinem Vulkanausbruch lagen noch jede Menge Dreckpartikel auf dem Eis, so dass das Eis ziemlich schwarz war und es eher eine &#8222;dark ice experience&#8220; war.\u00a0Zu erst dachte ich, dass das nur Ger\u00f6ll ist \u00fcber das wir gingen, aber nach ein paar Metern merkte man das Eis unter den Spikes&#8230;<\/p>\n<p style=\"text-align: left\">Es war eine sch\u00f6ne Runde, wenn auch wie gesagt auf leider etwas schwarzem Eis&#8230;<\/p>\n<p style=\"text-align: center\"><a href=\"https:\/\/blog.planet-ari-um.de\/wp-content\/uploads\/2016\/03\/gletschbli.jpg\" rel=\"attachment wp-att-29429\"><img loading=\"lazy\" decoding=\"async\" class=\"aligncenter wp-image-29429\" src=\"https:\/\/blog.planet-ari-um.de\/wp-content\/uploads\/2016\/03\/gletschbli.jpg\" alt=\"gletschbli\" width=\"342\" height=\"227\" \/><\/a><\/p>\n<p style=\"text-align: left\">Anschlie\u00dfend wo wir schon mal da waren, haben wir uns noch den <strong>Svartifoss<\/strong> angesehen. Bei den letzten gr\u00f6\u00dferen Touristenattraktionen hat sich das Ganze gut verlaufen, aber hier wurden es immer mehr statt weniger Touristen und so haben wir nur unsere Fotos gemacht und dann die Beine in die Hand genommen, dass wir von den ganzen Massen wieder wegkamen.<\/p>\n<p style=\"text-align: center\"><a href=\"https:\/\/blog.planet-ari-um.de\/wp-content\/uploads\/2013\/08\/svartif.jpg\"><img loading=\"lazy\" decoding=\"async\" class=\"aligncenter wp-image-19026\" src=\"https:\/\/blog.planet-ari-um.de\/wp-content\/uploads\/2013\/08\/svartif.jpg\" alt=\"svartif\" width=\"247\" height=\"371\" \/><\/a><\/p>\n<p style=\"text-align: left\">Auf unserem Plan standen sowieso noch der <strong>Fjalls\u00e1rl\u00f3n<\/strong> und der <strong>J\u00f6kuls\u00e1rl\u00f3n<\/strong>, sowie <strong>Ing\u00f3lfsh\u00f6f\u00f0i<\/strong>.<\/p>\n<p style=\"text-align: left\">Bei<strong> Ing\u00f3lfsh\u00f6f\u00f0i<\/strong> stand, dass um 15:00 Uhr die letzte Puffin-Tour gewesen w\u00e4re. Da wir daf\u00fcr zu sp\u00e4t waren und auf jeden Fall noch die beiden Gletscherseen sehen wollten, haben wir uns dann da nicht weiter drum gek\u00fcmmert und sind weiter gefahren.<\/p>\n<p style=\"text-align: left\">Am <strong>Fjalls\u00e1rl\u00f3n<\/strong> konnten wir tolle Aufnahmen bei &#8222;Sonnenuntergang&#8220; machen. Die Touristen waren da und recht schnell zum Gl\u00fcck wieder weg.<\/p>\n<p style=\"text-align: center\"><a href=\"https:\/\/blog.planet-ari-um.de\/wp-content\/uploads\/2016\/03\/fjall.jpg\" rel=\"attachment wp-att-29430\"><img loading=\"lazy\" decoding=\"async\" class=\"aligncenter wp-image-29430\" src=\"https:\/\/blog.planet-ari-um.de\/wp-content\/uploads\/2016\/03\/fjall.jpg\" alt=\"fjall\" width=\"359\" height=\"240\" \/><\/a><\/p>\n<p style=\"text-align: left\">Als wir zum <strong>J\u00f6kuls\u00e1rl\u00f3n<\/strong> aufbrechen wollten, war es bew\u00f6lkt, was ja nicht so schlimm gewesen w\u00e4re, aber kaum waren wir in der N\u00e4he des Sees sah man bald die Hand vor den Augen nicht mehr, so dicht war der Nebel von jetzt auf gleich.<\/p>\n<p style=\"text-align: left\">Mal wieder im mehr oder weniger dichten Nebel erreichten wir unsere n\u00e4chste <span style=\"text-decoration: underline\"><a href=\"http:\/\/glacierworld.is\/\" target=\"_blank\" rel=\"noopener noreferrer\">Unterkunft in Hoffell<\/a><\/span>. Dort haben wir unsere Sachen abgeladen und sind dann erst mal in den Hot pot gegangen, der zur Unterkunft dazu geh\u00f6rt.<\/p>\n<p style=\"text-align: left\">Jetzt geht es so langsam ins Bett.<\/p>\n","protected":false},"excerpt":{"rendered":"<p>Reisef\u00fchrer und Co.: Der Vatnaj\u00f6kull ist der gr\u00f6\u00dfte Gletscher Europas. Er hat eine Fl\u00e4che von 8300 km\u00b2. An seinen h\u00f6chsten Stellen betr\u00e4gt die Dicke des Eises 1000 m. Seinen Name&hellip; <\/p>\n","protected":false},"author":2,"featured_media":0,"comment_status":"open","ping_status":"open","sticky":false,"template":"","format":"standard","meta":{"footnotes":""},"categories":[18,12],"tags":[68],"class_list":["post-17497","post","type-post","status-publish","format-standard","hentry","category-fotografie","category-urlaub","tag-island"],"_links":{"self":[{"href":"https:\/\/blog.planet-ari-um.de\/index.php?rest_route=\/wp\/v2\/posts\/17497","targetHints":{"allow":["GET"]}}],"collection":[{"href":"https:\/\/blog.planet-ari-um.de\/index.php?rest_route=\/wp\/v2\/posts"}],"about":[{"href":"https:\/\/blog.planet-ari-um.de\/index.php?rest_route=\/wp\/v2\/types\/post"}],"author":[{"embeddable":true,"href":"https:\/\/blog.planet-ari-um.de\/index.php?rest_route=\/wp\/v2\/users\/2"}],"replies":[{"embeddable":true,"href":"https:\/\/blog.planet-ari-um.de\/index.php?rest_route=%2Fwp%2Fv2%2Fcomments&post=17497"}],"version-history":[{"count":5,"href":"https:\/\/blog.planet-ari-um.de\/index.php?rest_route=\/wp\/v2\/posts\/17497\/revisions"}],"predecessor-version":[{"id":46668,"href":"https:\/\/blog.planet-ari-um.de\/index.php?rest_route=\/wp\/v2\/posts\/17497\/revisions\/46668"}],"wp:attachment":[{"href":"https:\/\/blog.planet-ari-um.de\/index.php?rest_route=%2Fwp%2Fv2%2Fmedia&parent=17497"}],"wp:term":[{"taxonomy":"category","embeddable":true,"href":"https:\/\/blog.planet-ari-um.de\/index.php?rest_route=%2Fwp%2Fv2%2Fcategories&post=17497"},{"taxonomy":"post_tag","embeddable":true,"href":"https:\/\/blog.planet-ari-um.de\/index.php?rest_route=%2Fwp%2Fv2%2Ftags&post=17497"}],"curies":[{"name":"wp","href":"https:\/\/api.w.org\/{rel}","templated":true}]}}