{"id":17493,"date":"2013-07-31T01:10:53","date_gmt":"2013-07-30T23:10:53","guid":{"rendered":"http:\/\/www.planet-ari-um.de\/blubs\/?p=17493"},"modified":"2020-04-16T23:39:37","modified_gmt":"2020-04-16T21:39:37","slug":"kap-dyrholaey","status":"publish","type":"post","link":"https:\/\/blog.planet-ari-um.de\/?p=17493","title":{"rendered":"Kap Dyrh\u00f3laey"},"content":{"rendered":"<p><em>Reisef\u00fchrer und Co.:<\/em><\/p>\n<p>Das Kap Dyrh\u00f3laey ist eine 115 m hoch aufragende Halbinsel vor der K\u00fcste von V\u00edk. \u00dcbersetzt hei\u00dft Dyrh\u00f3laey soviel wie &#8222;T\u00fcrlochinsel&#8220;.<\/p>\n<p>Die Spitze des Kap bildet ein Felsentor, durch das Boote fahren k\u00f6nnen.<\/p>\n<p style=\"text-align: center\">\u00a0<img loading=\"lazy\" decoding=\"async\" class=\"aligncenter\" style=\"border: 0px\" src=\"https:\/\/blog.planet-ari-um.de\/wp-content\/uploads\/2014\/03\/ornam.jpg\" alt=\"ornam\" width=\"88\" height=\"48\" \/><\/p>\n<p><em>28. Juli:<\/em><\/p>\n<p>Nach einem wunderbaren Fr\u00fchst\u00fcck sind wir schweren Herzens aus dem gem\u00fctlichen <em>Eystri S\u00f3lheimar <\/em>wieder abgereist.<\/p>\n<p>Wir wollten heute ans <strong>Kap Dyrh\u00f3laey<\/strong>.<\/p>\n<p>Erst sind wir jedoch einem anderen Weg gefolgt und kamen zu einem Felsen (Berg <strong>Reynisfjall<\/strong>)\u00a0an dem es von Papageientauchern nur so wimmelte. Die waren relativ zutraulich und lie\u00dfen sich bereitwillig fotografieren.<\/p>\n<p style=\"text-align: center\"><a href=\"https:\/\/blog.planet-ari-um.de\/wp-content\/uploads\/2016\/03\/puffiKap.jpg\" rel=\"attachment wp-att-29437\"><img loading=\"lazy\" decoding=\"async\" class=\"aligncenter wp-image-29437\" src=\"https:\/\/blog.planet-ari-um.de\/wp-content\/uploads\/2016\/03\/puffiKap.jpg\" alt=\"puffiKap\" width=\"388\" height=\"281\" \/><\/a><\/p>\n<p>Gegen\u00fcber ging es noch an einen Strand. Dort war der Sand schwarz. Da musste ich mir nat\u00fcrlich etwas Sand mitnehmen, man ist ja vorbereitet &#8211; ich hatte mir kleine Schachteln von zu Hause mitgenommen &#8211; die ich allerdings obercleverer Weise im Auto liegen gelassen hatte. Allerdings wollte ich unbedingt Sand, also bin ich noch mal zum Auto gegangen. Als ich gerade wieder unten am Strand war, fing es ganz gewaltig an zu pl\u00e4stern. Da gab es zum Gl\u00fcck kleine H\u00f6hlen in den Felsen, wo wir uns dann erst mal untergestellt haben.<\/p>\n<p style=\"text-align: center\"><a href=\"https:\/\/blog.planet-ari-um.de\/wp-content\/uploads\/2013\/08\/schwStr.jpg\"><img loading=\"lazy\" decoding=\"async\" class=\"aligncenter wp-image-19012\" src=\"https:\/\/blog.planet-ari-um.de\/wp-content\/uploads\/2013\/08\/schwStr.jpg\" alt=\"schwStr\" width=\"392\" height=\"261\" \/><\/a><\/p>\n<p>Um zum Kap Dyrh\u00f3laey zu gelangen, musste man eine recht steile und enge Schotterstra\u00dfe hinauf fahren. Oben angekommen, war der Regen schon wieder vorbei und wir konnten in den Wind, um unsere Hosen zu trocknen&#8230;<\/p>\n<p>Auf dem Weg zum Leuchtturm, der dort oben steht, und zu unserem Cache haben wir wieder jede Menge Papageientaucher gesehen. Diese waren noch zutraulicher. Mein Lieber ist mit der Kamera bis ca. 10 cm rangekommen. Die sind so putzig!<\/p>\n<p>Von der Spitze des Kaps hat man einen ganz tollen Blick auf den riesengro\u00dfen Felsen, der vor der K\u00fcste im Meer liegt. Je nach Wasserstand sind bis zu 3 Tore zu erkennen!<\/p>\n<p style=\"text-align: center\"><a href=\"https:\/\/blog.planet-ari-um.de\/wp-content\/uploads\/2013\/08\/felsenvKD.jpg\"><img loading=\"lazy\" decoding=\"async\" class=\"aligncenter wp-image-19013\" src=\"https:\/\/blog.planet-ari-um.de\/wp-content\/uploads\/2013\/08\/felsenvKD.jpg\" alt=\"felsenvKD\" width=\"374\" height=\"258\" \/><\/a><\/p>\n<p>Mit dem Auto sind wir dann sozusagen einmal von der anderen Seite an die Bucht ran gefahren. Der Strand an den man dort kommt hei\u00dft <strong>Reynisfjara<\/strong>. Dort stehen gigantische Basalts\u00e4ulen. Im Bereich des Tidenhubs sind die S\u00e4ulen ganz glatt und abgeschliffen. Der ganze Strand besteht aus vorwiegend schwarzen\u00a0auch vollkommen glattpolierten Steinen. Im Meer vor dem Strand stehen drei gro\u00dfe Felsspitzen, genannt<strong> Reynisdrangar<\/strong>. Der Legende nach sind dies Trolle, die w\u00e4hrend sie ein Schiffswrack aus dem Meer ziehen wollten, die Zeit vergessen haben und vom Licht der aufgehenden Sonne zu Stein verwandelt wurden.<\/p>\n<p style=\"text-align: center\"><a href=\"https:\/\/blog.planet-ari-um.de\/wp-content\/uploads\/2013\/08\/strmBasalts.jpg\"><img loading=\"lazy\" decoding=\"async\" class=\"aligncenter wp-image-19014\" src=\"https:\/\/blog.planet-ari-um.de\/wp-content\/uploads\/2013\/08\/strmBasalts.jpg\" alt=\"strmBasalts\" width=\"373\" height=\"257\" \/><\/a><\/p>\n<p>Was doch die Zeit immer schnell vergeht &#8211; schwupsdiwups war es schon wieder 18:30 Uhr.<\/p>\n<p>In Kirkjubaejarklaustur waren wir also erst realtiv sp\u00e4t.<\/p>\n<p>Wo auch immer ich das gelesen oder geh\u00f6rt hatte, ja, im Systrakaffi kann man wirklich verdammt gute Burger essen! Und das zu einem &#8211; f\u00fcr isl\u00e4ndische Verh\u00e4ltnisse &#8211; vern\u00fcnftigen Preis!<\/p>\n","protected":false},"excerpt":{"rendered":"<p>Reisef\u00fchrer und Co.: Das Kap Dyrh\u00f3laey ist eine 115 m hoch aufragende Halbinsel vor der K\u00fcste von V\u00edk. \u00dcbersetzt hei\u00dft Dyrh\u00f3laey soviel wie &#8222;T\u00fcrlochinsel&#8220;. Die Spitze des Kap bildet ein&hellip; <\/p>\n","protected":false},"author":2,"featured_media":0,"comment_status":"open","ping_status":"open","sticky":false,"template":"","format":"standard","meta":{"footnotes":""},"categories":[18,12],"tags":[68],"class_list":["post-17493","post","type-post","status-publish","format-standard","hentry","category-fotografie","category-urlaub","tag-island"],"_links":{"self":[{"href":"https:\/\/blog.planet-ari-um.de\/index.php?rest_route=\/wp\/v2\/posts\/17493","targetHints":{"allow":["GET"]}}],"collection":[{"href":"https:\/\/blog.planet-ari-um.de\/index.php?rest_route=\/wp\/v2\/posts"}],"about":[{"href":"https:\/\/blog.planet-ari-um.de\/index.php?rest_route=\/wp\/v2\/types\/post"}],"author":[{"embeddable":true,"href":"https:\/\/blog.planet-ari-um.de\/index.php?rest_route=\/wp\/v2\/users\/2"}],"replies":[{"embeddable":true,"href":"https:\/\/blog.planet-ari-um.de\/index.php?rest_route=%2Fwp%2Fv2%2Fcomments&post=17493"}],"version-history":[{"count":2,"href":"https:\/\/blog.planet-ari-um.de\/index.php?rest_route=\/wp\/v2\/posts\/17493\/revisions"}],"predecessor-version":[{"id":42284,"href":"https:\/\/blog.planet-ari-um.de\/index.php?rest_route=\/wp\/v2\/posts\/17493\/revisions\/42284"}],"wp:attachment":[{"href":"https:\/\/blog.planet-ari-um.de\/index.php?rest_route=%2Fwp%2Fv2%2Fmedia&parent=17493"}],"wp:term":[{"taxonomy":"category","embeddable":true,"href":"https:\/\/blog.planet-ari-um.de\/index.php?rest_route=%2Fwp%2Fv2%2Fcategories&post=17493"},{"taxonomy":"post_tag","embeddable":true,"href":"https:\/\/blog.planet-ari-um.de\/index.php?rest_route=%2Fwp%2Fv2%2Ftags&post=17493"}],"curies":[{"name":"wp","href":"https:\/\/api.w.org\/{rel}","templated":true}]}}