{"id":17478,"date":"2013-08-03T23:44:21","date_gmt":"2013-08-03T21:44:21","guid":{"rendered":"http:\/\/www.planet-ari-um.de\/blubs\/?p=17478"},"modified":"2020-06-29T23:11:00","modified_gmt":"2020-06-29T21:11:00","slug":"myvatn","status":"publish","type":"post","link":"https:\/\/blog.planet-ari-um.de\/?p=17478","title":{"rendered":"M\u00fdvatn"},"content":{"rendered":"<p><em>Reisef\u00fchrer und Co.:<\/em><\/p>\n<p><strong>M\u00fdvatn<\/strong> ist ein See im Norden Islands, \u00fcbersetzt bedeutet es &#8222;M\u00fcckensee&#8220;. Diesen Namen bekam der See durch die im Sommer teilweise sehr gro\u00dfen M\u00fcckenschw\u00e4rme.<\/p>\n<p>Es handelt sich dabei \u00fcberwiegend um harmlose Zuckm\u00fccken, die nicht stechen, aber auch stechende Kriebelm\u00fccken kommen vor. Es gibt im Sommer zwei Perioden von je etwa zwei Wochen, in denen die Zuckm\u00fccken regelrecht schwarze S\u00e4ulen am Ufer des Sees bilden. Deswegen hei\u00dft diese M\u00fcckenart auf Isl\u00e4ndisch auch <i>Rykm\u00fd<\/i>, die Rauchm\u00fccke.<\/p>\n<p>Durch das stetige Kohlendioxidvorkommen in der Region, sind die M\u00fccken auf diesen Stoff gepr\u00e4gt, was dazu f\u00fchren kann, dass M\u00fccken gezielt in Mund- und Nasenh\u00f6hlen eindringen.<\/p>\n<p>Der See weist eine Fl\u00e4che von 37\u00a0km\u00b2 auf. Er ist damit der viertgr\u00f6\u00dfte See der Insel. Mit einer H\u00f6chsttiefe von 4,2\u00a0m ist er relativ flach.<\/p>\n<p>In der Umgebung des Sees befinden sich zahlreiche Naturwunder vulkanischen Ursprungs, da er zum Einzugsbereich des Vulkansystems Krafla geh\u00f6rt. Aufgrund der zahlreichen M\u00fccken, kann man dort auch viele V\u00f6gel und Enten beobachten.<\/p>\n<p>&nbsp;<\/p>\n<p>Der\u00a0<b>N\u00e1mafjall<\/b>\u00a0ist ein 482 m hoher Bergr\u00fccken im Nordosten Islands. Er befindet sich in der N\u00e4he des M\u00fdvatn. Es handelt sich hierbei um einen aktiven Vulkan.<\/p>\n<p>Rechts unterhalb des Berges N\u00e1mafjall\u00a0befindet sich ein sich st\u00e4ndig ver\u00e4nderndes Feld hei\u00dfer Quellen namens <strong>Hverar\u00f6nd<\/strong> (auch \u201eHverir\u201c), manchmal auch ebenfalls wie die Passh\u00f6he <strong>N\u00e1maskar\u00f0<\/strong> genannt.<\/p>\n<p>Er\u00a0ist bedeckt von\u00a0<em>Solfataren<\/em>\u00a0(100 &#8211; 250 \u00b0C hei\u00dfe Dampfaustrittstellen vorwiegend mit Schwefelwasserstoff und Kohlenstoffdioxid) und\u00a0<em>Fumarolen<\/em>\u00a0(Dampfaustrittsstelle vorwiegend mit Wasserdampf).<\/p>\n<p>Durch Kontakt mit Sauerstoff entstehen Schwefeldioxide.<\/p>\n<p style=\"text-align: center\"><img loading=\"lazy\" decoding=\"async\" class=\"aligncenter\" style=\"border: 0px\" src=\"https:\/\/blog.planet-ari-um.de\/wp-content\/uploads\/2014\/03\/ornam.jpg\" alt=\"ornam\" width=\"88\" height=\"48\" \/><\/p>\n<p><em>02. August:<\/em><\/p>\n<p>Morgens wurden wir vom fr\u00f6hlich lauten Geschirrgeklapper und Gelaber irgendwelcher Mitbewohner des Hauses geweckt &#8211; ganz toll. Wir h\u00e4tten gerne zumindest bis der Wecker klingelt in Ruhe geschlafen&#8230;<\/p>\n<p>Eiiigentlich wollten wir zum Dettifoss. Das Wetter war aber bescheiden und wir h\u00e4tten zwei Stunden bis dahin gebraucht. Also haben wir uns kurzerhand dazu entschlossen, lieber das Schwefelfeld <strong>N\u00e1maskar\u00f0<\/strong> und den Hverfell-Krater anzugucken. Abends hatten wir noch eine bike-and-bath-tour gebucht.<\/p>\n<p>Schon von Weitem roch man das Schwefelfeld. Als wir am Parkplatz aus dem Auto ausstiegen, war es erst mal ein ganz sch\u00f6ner Hammer f\u00fcr die Nase. An den Geruch konnte man sich aber relativ schnell gew\u00f6hnen, wenn nicht gerade mal wieder eine ordentlich geladene Brise kam. Am beeindruckendsten fand ich die vielen unterschiedlichen Farbschattierungen &#8211; es reichte von quietschgelb \u00fcber rot und braun bis zu fast schwarz.<\/p>\n<p><a href=\"https:\/\/blog.planet-ari-um.de\/wp-content\/uploads\/2013\/08\/namjas2.jpg\"><img loading=\"lazy\" decoding=\"async\" class=\"alignnone wp-image-19036\" style=\"margin: 0px\" src=\"https:\/\/blog.planet-ari-um.de\/wp-content\/uploads\/2013\/08\/namjas2.jpg\" alt=\"namjas2\" width=\"293\" height=\"196\" \/><\/a> \u00a0<a href=\"https:\/\/blog.planet-ari-um.de\/wp-content\/uploads\/2013\/08\/namjas1.jpg\"><img loading=\"lazy\" decoding=\"async\" class=\" wp-image-19040 alignnone\" style=\"margin: 0px\" src=\"https:\/\/blog.planet-ari-um.de\/wp-content\/uploads\/2013\/08\/namjas1.jpg\" alt=\"namjas1\" width=\"292\" height=\"195\" \/><\/a><\/p>\n<p>Anschlie\u00dfend sind wir zum <strong>Hverfell-Krater<\/strong> gegangen. Wir hatten eine kleine Rundtour gefunden, erst durch die Felsformationen von <b>Dimmuborgir<\/b> und dann zum Krater und zur\u00fcck. In dem Dimmuborgir-Gebiet kam man sich wirklich so vor als k\u00f6nnten dort \u00fcberall kleine Wichtel oder Trolle oder Elfen hausen. Ich kann mir gut vorstellen, dass es den Menschen dort fr\u00fcher unheimlich zu Mute war&#8230;<\/p>\n<p style=\"text-align: center\"><a href=\"https:\/\/blog.planet-ari-um.de\/wp-content\/uploads\/2016\/03\/dimmuborg.jpg\" rel=\"attachment wp-att-29423\"><img loading=\"lazy\" decoding=\"async\" class=\"aligncenter wp-image-29423\" src=\"https:\/\/blog.planet-ari-um.de\/wp-content\/uploads\/2016\/03\/dimmuborg.jpg\" alt=\"dimmuborg\" width=\"374\" height=\"249\" \/><\/a><\/p>\n<p>Erstaunlicherweise bin ich recht schnell den steil aufragenden Krater hinauf gekommen. Leider wurde das Wetter w\u00e4hrend des Aufstiegs immer schlechter. Als wir oben waren, fing es ordentlich an zu fieseln&#8230; Nebelig und kalt war es auch, so dass man noch nicht mals gut was von der Umgebung sehen konnte&#8230; Also sind der Hamsta und ich wieder zur\u00fcck, w\u00e4hrend die beiden Jungs unbedingt noch einmal oben auf dem Krater die Runde drehen wollten.<\/p>\n<p><a href=\"https:\/\/blog.planet-ari-um.de\/wp-content\/uploads\/2013\/08\/hverfera.jpg\"><img loading=\"lazy\" decoding=\"async\" class=\" wp-image-19037 alignnone\" style=\"margin: 0px\" src=\"https:\/\/blog.planet-ari-um.de\/wp-content\/uploads\/2013\/08\/hverfera.jpg\" alt=\"hverfera\" width=\"200\" height=\"301\" \/><\/a>\u00a0\u00a0 <a href=\"https:\/\/blog.planet-ari-um.de\/wp-content\/uploads\/2013\/08\/hverferu.jpg\"><img loading=\"lazy\" decoding=\"async\" class=\"alignnone wp-image-19038\" style=\"margin: 0px\" src=\"https:\/\/blog.planet-ari-um.de\/wp-content\/uploads\/2013\/08\/hverferu.jpg\" alt=\"hverferu\" width=\"200\" height=\"301\" \/><\/a><\/p>\n<p>Gut gelaunt sind wir dann zum biken aufgebrochen. Zu Hause habe ich noch gedacht, ob ich wirklich Handschuhe mitnehmen soll, aber da war ich wirklich froh, dass ich sie eingepackt habe. Der Wind pfiff einem kalt um die Nase und zwischendurch regnete es immer wieder. Unsere Leiterin war sehr freundlich und erkl\u00e4rte uns einiges zur Region und zur Thermalenergie. Anschlie\u00dfend sind wir noch ins \u00f6rtliche Thermalbad gefahren. Erst hatte ich mich schon gefreut, dass wir dann ja gar nicht in die Blaue Lagune &#8222;m\u00fcssen&#8220;, die sehr teuer ist, weil das Bad hier auch sehr sch\u00f6n war, wenn auch lang nicht so gro\u00df.<\/p>\n<p>Vorher hatte ich die Ringe der linken Hand und die Uhr abgemacht &#8211; warum auch immer habe ich die rechte Hand vergessen. Erst im Bad hatte ich gemerkt, dass ich den Ring noch um hatte. Als ich dann aus dem Becken wollte, um ihn wegzupacken, damit ich ihn nicht verliere, machte es schwups-plups und weg war er. Wir haben fast 2,5 Stunden in dem milchigen Wasser gesucht, aber alles was wir zu Tage gef\u00f6rdert haben war ein alter Schl\u00fcssel. So eine verd&#8230; Sch&#8230;!<\/p>\n<p>An der Info habe ich zwar alle Kontaktdaten hinterlassen, damit ich benachrichtigt werden kann, wenn der Ring auftaucht, aber&#8230; Lieber nicht dr\u00fcber nachdenken. Ich bin echt gefrustet! Haupts\u00e4chlich dar\u00fcber, <strong>dass<\/strong> ich den Ring vergessen habe abzunehmen &#8211; den Tag vorher habe ich sogar allen Schmuck f\u00fcr den hot pot abgemacht, wie immer halt.<\/p>\n<p>Nach dem nicht wirklich erfreulichen Badbesuch sind wir noch mal eine Pizza holen gefahren, aber eigentlich h\u00e4tte ich keine gebraucht, mir war wirklich der Appetit vergangen!<\/p>\n","protected":false},"excerpt":{"rendered":"<p>Reisef\u00fchrer und Co.: M\u00fdvatn ist ein See im Norden Islands, \u00fcbersetzt bedeutet es &#8222;M\u00fcckensee&#8220;. Diesen Namen bekam der See durch die im Sommer teilweise sehr gro\u00dfen M\u00fcckenschw\u00e4rme. Es handelt sich&hellip; <\/p>\n","protected":false},"author":2,"featured_media":0,"comment_status":"open","ping_status":"open","sticky":false,"template":"","format":"standard","meta":{"footnotes":""},"categories":[18,12],"tags":[68],"class_list":["post-17478","post","type-post","status-publish","format-standard","hentry","category-fotografie","category-urlaub","tag-island"],"_links":{"self":[{"href":"https:\/\/blog.planet-ari-um.de\/index.php?rest_route=\/wp\/v2\/posts\/17478","targetHints":{"allow":["GET"]}}],"collection":[{"href":"https:\/\/blog.planet-ari-um.de\/index.php?rest_route=\/wp\/v2\/posts"}],"about":[{"href":"https:\/\/blog.planet-ari-um.de\/index.php?rest_route=\/wp\/v2\/types\/post"}],"author":[{"embeddable":true,"href":"https:\/\/blog.planet-ari-um.de\/index.php?rest_route=\/wp\/v2\/users\/2"}],"replies":[{"embeddable":true,"href":"https:\/\/blog.planet-ari-um.de\/index.php?rest_route=%2Fwp%2Fv2%2Fcomments&post=17478"}],"version-history":[{"count":2,"href":"https:\/\/blog.planet-ari-um.de\/index.php?rest_route=\/wp\/v2\/posts\/17478\/revisions"}],"predecessor-version":[{"id":43437,"href":"https:\/\/blog.planet-ari-um.de\/index.php?rest_route=\/wp\/v2\/posts\/17478\/revisions\/43437"}],"wp:attachment":[{"href":"https:\/\/blog.planet-ari-um.de\/index.php?rest_route=%2Fwp%2Fv2%2Fmedia&parent=17478"}],"wp:term":[{"taxonomy":"category","embeddable":true,"href":"https:\/\/blog.planet-ari-um.de\/index.php?rest_route=%2Fwp%2Fv2%2Fcategories&post=17478"},{"taxonomy":"post_tag","embeddable":true,"href":"https:\/\/blog.planet-ari-um.de\/index.php?rest_route=%2Fwp%2Fv2%2Ftags&post=17478"}],"curies":[{"name":"wp","href":"https:\/\/api.w.org\/{rel}","templated":true}]}}