{"id":17474,"date":"2013-07-26T02:09:04","date_gmt":"2013-07-26T00:09:04","guid":{"rendered":"http:\/\/www.planet-ari-um.de\/blubs\/?p=17474"},"modified":"2020-06-30T11:14:51","modified_gmt":"2020-06-30T09:14:51","slug":"reykjavik","status":"publish","type":"post","link":"https:\/\/blog.planet-ari-um.de\/?p=17474","title":{"rendered":"Reykjav\u00edk"},"content":{"rendered":"<p><em>Reisef\u00fchrer und Co.:<\/em><\/p>\n<p>Der Name <strong>Reykjav\u00edk<\/strong> bedeutet Rauchbucht. Reykjav\u00edk ist die Hauptstadt Islands und liegt 269 Kilometer s\u00fcdlich des n\u00f6rdlichen Polarkreises. Damit\u00a0ist sie die am n\u00f6rdlichsten gelegene Hauptstadt der Welt.<\/p>\n<p>Obwohl die ersten Siedler bereits 870 das Land bev\u00f6lkerten, wuchs das Gebiet nur sehr langsam und wurde erst 1786 offiziell zur Stadt erhoben. Hier leben mittlerweile rund 120.000 Einwohner.<\/p>\n<p>Durch den Golfstrom ist das Klima Reykjav\u00edks maritim-polar, was sich an den vergleichsweise milden Wintern und k\u00fchlen Sommern bei gleichm\u00e4\u00dfigen Niederschl\u00e4gen zeigt. Die h\u00f6chste jemals gemessene Temperatur war 24,8\u00a0\u00b0C (am 11. August 2004); die niedrigste gemessene Temperatur -24,5\u00a0\u00b0C (am 21. Januar 1918).<sup id=\"cite_ref-1\"><\/sup><\/p>\n<p>In Reykjav\u00edk finden sich zahlreiche Museen, das G\u00e4stehaus H\u00f6f\u00f0i, die gro\u00dfe Hallgr\u00edmskirkja, das hochmoderne Konzerthaus Harpa sowie der riesige Wasserspeicher Perlan.<\/p>\n<p style=\"text-align: center\"><img loading=\"lazy\" decoding=\"async\" class=\"aligncenter\" style=\"border: 0px\" src=\"https:\/\/blog.planet-ari-um.de\/wp-content\/uploads\/2014\/03\/ornam.jpg\" alt=\"ornam\" width=\"88\" height=\"48\" \/><\/p>\n<p><em>24. Juli:<\/em><\/p>\n<p>Bis gestern Nacht gegen 2:30 Uhr trampelten und l\u00e4rmten irgendwelche Blagen in der Etage \u00fcber uns rum. Anschlie\u00dfend konnte ich zum Gl\u00fcck dann endlich schlafen &#8211; bis besagte Blagen am n\u00e4chsten Morgen wieder rumtrampelten&#8230;<\/p>\n<p>Nach unserem Fr\u00fchst\u00fcck haben wir uns auf den Weg nach Reykjav\u00edk gemacht.<\/p>\n<p>Dort gibt es einige Einbahnstra\u00dfen, so dass es gar nicht so einfach war unser Hotel zu finden&#8230; Endlich hatten wir das Hotel, sind in eine Seitenstra &#8211; oh Hilfe, da passte mit M\u00fche EIN Wagen durch und wenden war somit unm\u00f6glich &#8211; so mussten wir noch eine Runde drehen. Wenigstens hatten wir jetzt die Info wo wir parken m\u00fcssen&#8230; Einchecken konnten wir aber erst ab 14:oo Uhr.<\/p>\n<p>Also sind wir erst mal nach <strong>Gr\u00f3tta<\/strong> gefahren. Das ist eine Halbinsel, die man bei Ebbe erreichen kann. Wir hatten Gl\u00fcck und Pech. Gl\u00fcck: Es war Ebbe, Pech:\u00a0es war\u00a0total nebelig! Im Laufe der Zeit wurde aber der Leuchtturm an der Spitze sichtbar und die Sonne kam richtig raus. Wir haben uns fast zwei Stunden dort aufgehalten, viel fotografiert, viele tolle Steine gesehen und einige doch eingesteckt und die Seeluft genossen.<\/p>\n<p style=\"text-align: center\"><a href=\"https:\/\/blog.planet-ari-um.de\/wp-content\/uploads\/2013\/08\/grotta1.jpg\"><img loading=\"lazy\" decoding=\"async\" class=\"aligncenter wp-image-18970\" src=\"https:\/\/blog.planet-ari-um.de\/wp-content\/uploads\/2013\/08\/grotta1.jpg\" alt=\"grotta1\" width=\"385\" height=\"257\" \/><\/a><\/p>\n<p>Bei der Unterkunft\u00a0haben wir das Auto ausger\u00e4umt und uns dann auf den Weg f\u00fcr einen kleinen Snack gemacht. Eiiigentlich wollten wir nur was essen, waren\u00a0aber dann vor Mitternacht nicht\u00a0zur\u00fcck\u00a0und haben hinterher\u00a0gut gefroren.<\/p>\n<p>Als erstes haben wir uns Snacks gekauft und haben uns in die Sonne vor die <strong>Hallgr\u00edmskirkja<\/strong> (die gro\u00dfe Kirche) gesetzt. Wo wir schon mal da waren, haben wir uns die Kirche angesehen. Von au\u00dfen ist sie ja f\u00fcr das was man sich so unter einer Kirche vorstellt echt gew\u00f6hnungsbed\u00fcrftig, innen ist es aber fast typisch kirchenm\u00e4\u00dfig mit einer riesigen Orgel.<\/p>\n<p><a href=\"https:\/\/blog.planet-ari-um.de\/wp-content\/uploads\/2013\/08\/hallgr.jpg\"><img loading=\"lazy\" decoding=\"async\" class=\"alignnone wp-image-18972\" style=\"margin: 0px\" src=\"https:\/\/blog.planet-ari-um.de\/wp-content\/uploads\/2013\/08\/hallgr.jpg\" alt=\"hallgr\" width=\"193\" height=\"294\" \/><\/a>\u00a0 <a href=\"https:\/\/blog.planet-ari-um.de\/wp-content\/uploads\/2013\/08\/hallgr1.jpg\"><img loading=\"lazy\" decoding=\"async\" class=\"wp-image-18973 alignnone\" style=\"margin: 0px\" src=\"https:\/\/blog.planet-ari-um.de\/wp-content\/uploads\/2013\/08\/hallgr1.jpg\" alt=\"hallgr1\" width=\"194\" height=\"295\" \/><\/a><\/p>\n<p>Danach ging es direkt zur n\u00e4chsten Sehensw\u00fcrdigkeit weiter &#8211; man ist ja Tourist ;o) Nein, ich wollte aber unbedingt das Kunstwerk <strong>S\u00f3lfar<\/strong> sehen. Es war mir allerdings herzlich egal, dass es ein Kunstwerk sein sollte, f\u00fcr mich ist und bleibt es ein Wikingerschiff aus Metall (?)<\/p>\n<p style=\"text-align: center\"><a href=\"https:\/\/blog.planet-ari-um.de\/wp-content\/uploads\/2016\/03\/solfsch.jpg\" rel=\"attachment wp-att-29450\"><img loading=\"lazy\" decoding=\"async\" class=\"aligncenter wp-image-29450\" src=\"https:\/\/blog.planet-ari-um.de\/wp-content\/uploads\/2016\/03\/solfsch.jpg\" alt=\"solfsch\" width=\"373\" height=\"249\" \/><\/a><\/p>\n<p>Reisef\u00fchrer k\u00f6nnen einen ganz sch\u00f6n vereimern. Nach den Bildern, die ich da\u00a0von diesem Schiff gesehen habe, hatte ich mir das Ganze viel gr\u00f6\u00dfer vorgestellt. Aber toll fand ich es trotzdem.<\/p>\n<p>Dort haben\u00a0wir jede Menge Quallen gesehen und einen Seeigel. Gelebt hat er noch, da sich der Mund und die Stacheln bewegt haben, aber da er oben auf dem Wasser schwamm, war es mit seiner Gesundheit wohl nicht so weit her&#8230;<\/p>\n<p>Danach ging es weiter zur ber\u00fchmten und gewaltigen &#8211; im wahrsten Sinne des Wortes &#8211; extravaganten Konzerthalle <strong>Harpa<\/strong>. Von der Seite, von der wir auf das Geb\u00e4ude zu gingen, sah sie naja, nicht wirklich beeindruckend aus. Erst wenn man\u00a0es von vorne sieht, bekommt man einen richtigen Eindruck von den Dimensionen und sieht auch die Sch\u00f6nheit &#8211; sofern man bei diesem hochmodernen Geb\u00e4ude davon sprechen kann.<\/p>\n<p style=\"text-align: center\"><a href=\"https:\/\/blog.planet-ari-um.de\/wp-content\/uploads\/2016\/03\/harpIsl.jpg\" rel=\"attachment wp-att-29451\"><img loading=\"lazy\" decoding=\"async\" class=\"aligncenter wp-image-29451\" src=\"https:\/\/blog.planet-ari-um.de\/wp-content\/uploads\/2016\/03\/harpIsl.jpg\" alt=\"harpIsl\" width=\"369\" height=\"246\" \/><\/a><\/p>\n<p>Nach diesem Kulturprogramm, sind wir in der Einkaufspassage ein wenig bummeln gegangen.\u00a0Wir wollten auch schon mal gucken, wo man sp\u00e4ter essen gehen k\u00f6nnte. 1. ist es Reykjav\u00edk und somit entsprechend teuer, sicher selbst f\u00fcr isl\u00e4ndische Verh\u00e4ltnisse, 2. haben in Island viele Restaurants nicht so lange wie in Deutschland ge\u00f6ffnet, so dass dort teilweise um 20:00\/20:30 Uhr Ende im Gel\u00e4nde ist.<\/p>\n<p>Am <strong>Tj\u00f6rnin<\/strong> (ein See) haben wir noch einen Halt eingelegt, um einen Cache zu heben. Anschlie\u00dfend sind wir noch mal zum Hafen runter, um in der N\u00e4he der Harpa ebenfalls noch einen Cache zu suchen. Ein sehr freundlicher Isl\u00e4nder hat mich angequatscht und mir erz\u00e4hlt, dass er schon mal in Deutschland war und deutsch lernt. Man, der konnte schon verdammt gut deutsch sprechen, aber wir haben uns die meiste Zeit auf englisch unterhalten&#8230;<\/p>\n<p>Dann war es auch schon 22:30 Uhr und wir sind Richtung <span style=\"text-decoration: underline\"><a href=\"https:\/\/www.aurorahouse.is\/\" target=\"_blank\" rel=\"noopener noreferrer\">Unterkunft<\/a><\/span> aufgebrochen.<\/p>\n<p>Jetzt geht es so langsam ins Bett!<\/p>\n","protected":false},"excerpt":{"rendered":"<p>Reisef\u00fchrer und Co.: Der Name Reykjav\u00edk bedeutet Rauchbucht. Reykjav\u00edk ist die Hauptstadt Islands und liegt 269 Kilometer s\u00fcdlich des n\u00f6rdlichen Polarkreises. Damit\u00a0ist sie die am n\u00f6rdlichsten gelegene Hauptstadt der Welt.&hellip; <\/p>\n","protected":false},"author":2,"featured_media":0,"comment_status":"open","ping_status":"open","sticky":false,"template":"","format":"standard","meta":{"footnotes":""},"categories":[18,12],"tags":[68],"class_list":["post-17474","post","type-post","status-publish","format-standard","hentry","category-fotografie","category-urlaub","tag-island"],"_links":{"self":[{"href":"https:\/\/blog.planet-ari-um.de\/index.php?rest_route=\/wp\/v2\/posts\/17474","targetHints":{"allow":["GET"]}}],"collection":[{"href":"https:\/\/blog.planet-ari-um.de\/index.php?rest_route=\/wp\/v2\/posts"}],"about":[{"href":"https:\/\/blog.planet-ari-um.de\/index.php?rest_route=\/wp\/v2\/types\/post"}],"author":[{"embeddable":true,"href":"https:\/\/blog.planet-ari-um.de\/index.php?rest_route=\/wp\/v2\/users\/2"}],"replies":[{"embeddable":true,"href":"https:\/\/blog.planet-ari-um.de\/index.php?rest_route=%2Fwp%2Fv2%2Fcomments&post=17474"}],"version-history":[{"count":5,"href":"https:\/\/blog.planet-ari-um.de\/index.php?rest_route=\/wp\/v2\/posts\/17474\/revisions"}],"predecessor-version":[{"id":43447,"href":"https:\/\/blog.planet-ari-um.de\/index.php?rest_route=\/wp\/v2\/posts\/17474\/revisions\/43447"}],"wp:attachment":[{"href":"https:\/\/blog.planet-ari-um.de\/index.php?rest_route=%2Fwp%2Fv2%2Fmedia&parent=17474"}],"wp:term":[{"taxonomy":"category","embeddable":true,"href":"https:\/\/blog.planet-ari-um.de\/index.php?rest_route=%2Fwp%2Fv2%2Fcategories&post=17474"},{"taxonomy":"post_tag","embeddable":true,"href":"https:\/\/blog.planet-ari-um.de\/index.php?rest_route=%2Fwp%2Fv2%2Ftags&post=17474"}],"curies":[{"name":"wp","href":"https:\/\/api.w.org\/{rel}","templated":true}]}}