{"id":17472,"date":"2013-07-24T02:52:55","date_gmt":"2013-07-24T00:52:55","guid":{"rendered":"http:\/\/www.planet-ari-um.de\/blubs\/?p=17472"},"modified":"2020-04-16T23:02:48","modified_gmt":"2020-04-16T21:02:48","slug":"flug-keflavik","status":"publish","type":"post","link":"https:\/\/blog.planet-ari-um.de\/?p=17472","title":{"rendered":"Flug + Keflav\u00edk"},"content":{"rendered":"<p><em>Reisef\u00fchrer und Co.:<\/em><\/p>\n<p>\u00dcbersetzt hei\u00dft <strong>Keflav\u00edk<\/strong> &#8222;Treibholzbucht&#8220;. Keflav\u00edk liegt im S\u00fcdwesten Islands. Hier werden wir auch landen.<\/p>\n<p>Gemeinsam mit Njar\u00f0v\u00edk und Hafnir bildet Keflav\u00edk die Gemeinde Reykjanesb\u00e6r. Bereits im 13. Jh. wurde diese Gemeinde als bekannter Handelsplatz erw\u00e4hnt.<\/p>\n<p>An den K\u00fcsten der Gemeinde gibt es viele V\u00f6gel zu sehen.<\/p>\n<p>Als Sehensw\u00fcrdigkeiten gibt es viele historische Geb\u00e4ude, wie auch das <em>Duus H\u00fas. Es<\/em>\u00a0ist ein rotes Haus, das der d\u00e4nische Kaufmann Peter Duus im 19. Jahrhundert erbaute.<\/p>\n<p style=\"text-align: center\"><img loading=\"lazy\" decoding=\"async\" class=\"aligncenter\" style=\"border: 0px\" src=\"https:\/\/blog.planet-ari-um.de\/wp-content\/uploads\/2014\/03\/ornam.jpg\" alt=\"ornam\" width=\"88\" height=\"48\" \/><\/p>\n<p style=\"text-align: left\"><em>23. Juli:<\/em><\/p>\n<p style=\"text-align: left\">Nach einem gem\u00fctlichen, wenn auch etwas eiligen Essen bei Mama und Papa wurden wir zum Flughafen kutschiert. Anscheinend hatte das Bodenpersonal Langeweile, denn sie haben uns erst zu Gate B71 geschickt. Dann kam irgendwann eine Durchsage, dass der Flieger nach Keflav\u00edk von Gate B79 abfliegt. So sind wir dann wie eine Herde Schafe alle hintereinander quer durch einen Duty-free-Shop gelatscht.<\/p>\n<p style=\"text-align: left\">Unser Flieger hob mehr oder weniger p\u00fcnktlich ab. Der Flug verlief auch problemlos. Es hat zwar einige Male ein ganz kleines bi\u00dfchen geruckelt, aber von Turbulenzen kann man da wirklich nicht sprechen.<\/p>\n<p style=\"text-align: left\">Das einzig wirklich entsetzliche waren die drei absoluten Oberspacken vor uns. Wir sind 3,5 Stunden geflogen. In der Zeit hat jeder von denen 5 Bierdosen verdr\u00fcckt. Die gaaaanze Zeit haben die einen geistigen Durchfall gelabert und gelacht als h\u00e4tten die zus\u00e4tzlich noch was eingeworfen&#8230; Naja, aber die sehen wir hoffentlich hier nicht noch mal!<\/p>\n<p style=\"text-align: left\">Wir sind nach deutscher Zeit um ca. 0:25 Uhr gelandet &#8211; und es ist (fast)\u00a0hell hier! Irre!<\/p>\n<p style=\"text-align: center\"><a href=\"https:\/\/blog.planet-ari-um.de\/wp-content\/uploads\/2013\/08\/kefl.jpg\"><img loading=\"lazy\" decoding=\"async\" class=\"aligncenter wp-image-18967\" src=\"https:\/\/blog.planet-ari-um.de\/wp-content\/uploads\/2013\/08\/kefl.jpg\" alt=\"kefl\" width=\"325\" height=\"225\" \/><\/a><\/p>\n<p style=\"text-align: left\">An der Miet-Auto-\u00dcbernahme ging es irgendwie selten langsam voran. Von allen anderen Autovermietern kamen immer wieder Leute zur\u00fcck nur bei uns dauuuerte es&#8230; Wir fahren jetzt einen Skoda Oktavia.<\/p>\n<p style=\"text-align: left\">Die Fahrt zum Motel war wie angegeben sehr kurz. Jetzt sind wir auf unseren Zimmern und bereiten uns langsam auf die Nacht vor.<\/p>\n","protected":false},"excerpt":{"rendered":"<p>Reisef\u00fchrer und Co.: \u00dcbersetzt hei\u00dft Keflav\u00edk &#8222;Treibholzbucht&#8220;. Keflav\u00edk liegt im S\u00fcdwesten Islands. Hier werden wir auch landen. Gemeinsam mit Njar\u00f0v\u00edk und Hafnir bildet Keflav\u00edk die Gemeinde Reykjanesb\u00e6r. Bereits im 13.&hellip; <\/p>\n","protected":false},"author":2,"featured_media":0,"comment_status":"open","ping_status":"open","sticky":false,"template":"","format":"standard","meta":{"footnotes":""},"categories":[18,12],"tags":[68],"class_list":["post-17472","post","type-post","status-publish","format-standard","hentry","category-fotografie","category-urlaub","tag-island"],"_links":{"self":[{"href":"https:\/\/blog.planet-ari-um.de\/index.php?rest_route=\/wp\/v2\/posts\/17472","targetHints":{"allow":["GET"]}}],"collection":[{"href":"https:\/\/blog.planet-ari-um.de\/index.php?rest_route=\/wp\/v2\/posts"}],"about":[{"href":"https:\/\/blog.planet-ari-um.de\/index.php?rest_route=\/wp\/v2\/types\/post"}],"author":[{"embeddable":true,"href":"https:\/\/blog.planet-ari-um.de\/index.php?rest_route=\/wp\/v2\/users\/2"}],"replies":[{"embeddable":true,"href":"https:\/\/blog.planet-ari-um.de\/index.php?rest_route=%2Fwp%2Fv2%2Fcomments&post=17472"}],"version-history":[{"count":3,"href":"https:\/\/blog.planet-ari-um.de\/index.php?rest_route=\/wp\/v2\/posts\/17472\/revisions"}],"predecessor-version":[{"id":42277,"href":"https:\/\/blog.planet-ari-um.de\/index.php?rest_route=\/wp\/v2\/posts\/17472\/revisions\/42277"}],"wp:attachment":[{"href":"https:\/\/blog.planet-ari-um.de\/index.php?rest_route=%2Fwp%2Fv2%2Fmedia&parent=17472"}],"wp:term":[{"taxonomy":"category","embeddable":true,"href":"https:\/\/blog.planet-ari-um.de\/index.php?rest_route=%2Fwp%2Fv2%2Fcategories&post=17472"},{"taxonomy":"post_tag","embeddable":true,"href":"https:\/\/blog.planet-ari-um.de\/index.php?rest_route=%2Fwp%2Fv2%2Ftags&post=17472"}],"curies":[{"name":"wp","href":"https:\/\/api.w.org\/{rel}","templated":true}]}}